{"id":3778,"date":"2026-09-03T12:05:50","date_gmt":"2026-09-03T18:05:50","guid":{"rendered":"https:\/\/pulsociudadano.network\/?p=3778"},"modified":"2026-09-03T12:05:50","modified_gmt":"2026-09-03T18:05:50","slug":"un-mexico-fracturado-dividido-y-endeudado-el-saldo-que-ha-dejado-morena-alejandro-moreno","status":"publish","type":"post","link":"https:\/\/pulsociudadano.network\/index.php\/2026\/09\/03\/un-mexico-fracturado-dividido-y-endeudado-el-saldo-que-ha-dejado-morena-alejandro-moreno\/","title":{"rendered":"UN M\u00c9XICO FRACTURADO, DIVIDIDO Y ENDEUDADO, EL SALDO QUE HA DEJADO MORENA: ALEJANDRO MORENO"},"content":{"rendered":"\u2022 El senador y Presidente Nacional del PRI advirti\u00f3 que el oficialismo pretende controlar las instituciones y perseguir a quienes ejercen una oposici\u00f3n cr\u00edtica.<br \/><br \/>\u2022 Convoc\u00f3 a los partidos pol\u00edticos de vocaci\u00f3n opositora y a los millones de mexicanos hartos de tanta destrucci\u00f3n a unirse en un solo frente nacional opositor.<br \/><br \/>\u2022 Se\u00f1al\u00f3 que en Morena tienen una lista negra internacional por sus nexos, sus acuerdos y sus pactos con la delincuencia organizada.<br \/><br \/>Al participar en la sesi\u00f3n de Congreso General con motivo del Segundo Informe de Gobierno, el senador y dirigente nacional del PRI, Alejandro Moreno C\u00e1rdenas, afirm\u00f3 que, despu\u00e9s de ocho a\u00f1os de gobiernos de Morena, M\u00e9xico enfrenta una profunda crisis marcada por la violencia, la impunidad, el endeudamiento, el estancamiento econ\u00f3mico y la falta de rumbo. Sostuvo que el pa\u00eds se encuentra dividido y que el oficialismo ha utilizado el poder para debilitar instituciones, perseguir a sus opositores y limitar libertades.<br \/><br \/>Desde la tribuna del Palacio Legislativo de San L\u00e1zaro convoc\u00f3 a los partidos pol\u00edticos de vocaci\u00f3n opositora y a los millones de mexicanos hartos de tanta destrucci\u00f3n a unirse en un solo frente nacional opositor. Dijo que \u201cno hay espacio para mezquindades ni c\u00e1lculos pol\u00edticos\u201d, porque \u201chay que defender a M\u00e9xico y a las familias mexicanas\u201d.<br \/><br \/>Por ello, se comprometi\u00f3 a que \u201cvamos a dar la batalla por la gente, con valent\u00eda, car\u00e1cter y determinaci\u00f3n, como lo hacemos en el PRI\u201d.<br \/><br \/>Moreno C\u00e1rdenas cuestion\u00f3 los resultados de la actual administraci\u00f3n y se\u00f1al\u00f3 que la realidad nacional contradice el discurso oficial. Advirti\u00f3 que la inseguridad contin\u00faa como una de las principales preocupaciones de las familias mexicanas y sostuvo que existen cuestionamientos nacionales e internacionales sobre la capacidad del Estado para garantizar la seguridad, hacer valer la ley y combatir a las organizaciones criminales.<br \/><br \/>El dirigente priista afirm\u00f3 que el PRI no ser\u00e1 \u201ccomparsa\u201d de ning\u00fan gobierno y refrend\u00f3 que su partido mantendr\u00e1 una oposici\u00f3n firme frente a cualquier intento de someter al Poder Legislativo, debilitar a los \u00f3rganos aut\u00f3nomos o limitar la libertad de expresi\u00f3n. Subray\u00f3 que la defensa de la separaci\u00f3n de poderes, las instituciones, los derechos y la democracia constituye una obligaci\u00f3n de quienes representan a la ciudadan\u00eda.<br \/><br \/>Denunci\u00f3 que los gobiernos de Morena act\u00faan de manera facciosa y totalitaria con el firme prop\u00f3sito de exterminar al PRI y a toda la oposici\u00f3n. Por ello, advirti\u00f3, \u201ctengan bien presente, no lo vamos a permitir y vamos a defender este pa\u00eds\u201d.<br \/><br \/>En ese punto, el senador y dirigente nacional asegur\u00f3 que \u201cnos persiguen porque quieren callarnos rumbo al 2027 y al 2030, pero lo que realmente tienen en el fondo es pavor, es miedo, porque est\u00e1n moralmente derrotados. Saben perfectamente que en el 2027, con una gran coalici\u00f3n partidaria y ciudadana, les vamos a ganar la mayor\u00eda en el Congreso de la Uni\u00f3n. Y no tengan duda, en el 2030, con el pueblo de M\u00e9xico atr\u00e1s, les vamos a ganar la Presidencia de la Rep\u00fablica\u201d.<br \/><br \/>A los legisladores de Morena les dijo que \u201cpodr\u00e1n presentar las listas que quieran para acabar con la libertad de expresi\u00f3n, pero expl\u00edquenle al pueblo de M\u00e9xico la verg\u00fcenza hist\u00f3rica de tener a toda la c\u00fapula de Morena en una lista negra internacional por sus nexos, sus acuerdos y sus pactos con la delincuencia organizada\u201d.<br \/><br \/>Sostuvo que, si de verdad tuvieran un m\u00ednimo de decencia, romper\u00edan su pacto con los c\u00e1rteles del crimen organizado, le quitar\u00edan la protecci\u00f3n a L\u00f3pez Obrador, a Andy, a Rocha, a Inzunza, a Marina, a Am\u00e9rico, y a tantos pol\u00edticos que hoy son se\u00f1alados y requeridos por la justicia en otros pa\u00edses.<br \/><br \/>As\u00ed que, les demand\u00f3: \u201cQu\u00edtense esos lastres de encima. Proc\u00e9senlos. Ll\u00e9venlos a la justicia y, si no pueden, entr\u00e9guenlos a las autoridades de Estados Unidos para que hagan justicia, la que ustedes no hacen\u201d.<br \/><br \/>&#8212;000&#8212;","protected":false},"excerpt":{"rendered":"<p>\u2022 El senador y Presidente Nacional del PRI advirti\u00f3 que el oficialismo pretende controlar las instituciones y perseguir a quienes ejercen una oposici\u00f3n cr\u00edtica. \u2022 Convoc\u00f3 a los partidos pol\u00edticos de vocaci\u00f3n opositora y a los millones de mexicanos hartos de tanta destrucci\u00f3n a unirse en un solo frente nacional opositor. \u2022 Se\u00f1al\u00f3 que en [&hellip;]<\/p>\n","protected":false},"author":6,"featured_media":3782,"comment_status":"open","ping_status":"open","sticky":false,"template":"","format":"standard","meta":{"footnotes":""},"categories":[1],"tags":[],"ppma_author":[43],"class_list":["post-3778","post","type-post","status-publish","format-standard","has-post-thumbnail","hentry","category-blog"],"authors":[{"term_id":43,"user_id":6,"is_guest":0,"slug":"staff","display_name":"STAFF","avatar_url":{"url":"https:\/\/pulsociudadano.network\/wp-content\/uploads\/2023\/11\/cropped-301392363_529368922396272_1685931149298827625_n-1.jpg","url2x":"https:\/\/pulsociudadano.network\/wp-content\/uploads\/2023\/11\/cropped-301392363_529368922396272_1685931149298827625_n-1.jpg"},"author_category":"1","user_url":"","last_name":"Arrieta","first_name":"STAFF","job_title":"","description":""}],"_links":{"self":[{"href":"https:\/\/pulsociudadano.network\/index.php\/wp-json\/wp\/v2\/posts\/3778","targetHints":{"allow":["GET"]}}],"collection":[{"href":"https:\/\/pulsociudadano.network\/index.php\/wp-json\/wp\/v2\/posts"}],"about":[{"href":"https:\/\/pulsociudadano.network\/index.php\/wp-json\/wp\/v2\/types\/post"}],"author":[{"embeddable":true,"href":"https:\/\/pulsociudadano.network\/index.php\/wp-json\/wp\/v2\/users\/6"}],"replies":[{"embeddable":true,"href":"https:\/\/pulsociudadano.network\/index.php\/wp-json\/wp\/v2\/comments?post=3778"}],"version-history":[{"count":1,"href":"https:\/\/pulsociudadano.network\/index.php\/wp-json\/wp\/v2\/posts\/3778\/revisions"}],"predecessor-version":[{"id":3780,"href":"https:\/\/pulsociudadano.network\/index.php\/wp-json\/wp\/v2\/posts\/3778\/revisions\/3780"}],"wp:featuredmedia":[{"embeddable":true,"href":"https:\/\/pulsociudadano.network\/index.php\/wp-json\/wp\/v2\/media\/3782"}],"wp:attachment":[{"href":"https:\/\/pulsociudadano.network\/index.php\/wp-json\/wp\/v2\/media?parent=3778"}],"wp:term":[{"taxonomy":"category","embeddable":true,"href":"https:\/\/pulsociudadano.network\/index.php\/wp-json\/wp\/v2\/categories?post=3778"},{"taxonomy":"post_tag","embeddable":true,"href":"https:\/\/pulsociudadano.network\/index.php\/wp-json\/wp\/v2\/tags?post=3778"},{"taxonomy":"author","embeddable":true,"href":"https:\/\/pulsociudadano.network\/index.php\/wp-json\/wp\/v2\/ppma_author?post=3778"}],"curies":[{"name":"wp","href":"https:\/\/api.w.org\/{rel}","templated":true}]}}