{"id":3775,"date":"2026-09-03T12:04:40","date_gmt":"2026-09-03T18:04:40","guid":{"rendered":"https:\/\/pulsociudadano.network\/?p=3775"},"modified":"2026-09-03T12:04:40","modified_gmt":"2026-09-03T18:04:40","slug":"ale-rojo-de-la-vega-recibe-a-legisladores-de-nueva-york-comparten-experiencias-para-fortalecer-gobierno-local","status":"publish","type":"post","link":"https:\/\/pulsociudadano.network\/index.php\/2026\/09\/03\/ale-rojo-de-la-vega-recibe-a-legisladores-de-nueva-york-comparten-experiencias-para-fortalecer-gobierno-local\/","title":{"rendered":"ALE ROJO DE LA VEGA RECIBE A LEGISLADORES DE NUEVA YORK; COMPARTEN EXPERIENCIAS PARA FORTALECER GOBIERNO LOCAL"},"content":{"rendered":"_* La alcaldesa y la delegaci\u00f3n intercambiaron experiencias sobre seguridad, atenci\u00f3n a mujeres, infraestructura, derechos y participaci\u00f3n ciudadana._<br \/>_* Tambi\u00e9n abordaron los retos que enfrentan los gobiernos locales para atender de manera directa las necesidades de sus comunidades._<br \/><br \/><br \/>La alcaldesa Alessandra Rojo de la Vega recibi\u00f3 este mi\u00e9rcoles en la Alcald\u00eda Cuauht\u00e9moc a una delegaci\u00f3n de legisladores de Nueva York, encabezados por Karines Reyes, asamble\u00edsta del Distrito 7 del Bronx, con quienes intercambi\u00f3 experiencias sobre seguridad, atenci\u00f3n a mujeres, infraestructura urbana, derechos y participaci\u00f3n ciudadana.<br \/><br \/>Durante el encuentro, la alcaldesa destac\u00f3 que compartir experiencias entre ciudades permite conocer otras formas de atender problemas comunes y encontrar herramientas que puedan traducirse en mejores soluciones para las comunidades.<br \/><br \/>\u201cHoy recibimos en el coraz\u00f3n de M\u00e9xico a legisladores, senadores y congresistas de Nueva York. Compartimos experiencias y una visi\u00f3n com\u00fan: fortalecer el Estado de Derecho, construir ciudades que pongan a las personas al centro, garantizar todos los derechos para todas las personas y avanzar hacia modelos cada vez m\u00e1s eficaces para proteger la vida y la libertad de las mujeres\u201d, se\u00f1al\u00f3.<br \/><br \/>Ale Rojo de la Vega explic\u00f3 que uno de los retos de las alcald\u00edas de la Ciudad de M\u00e9xico es atender las necesidades de la poblaci\u00f3n con recursos y atribuciones limitadas, por lo que su gobierno ha buscado alternativas de colaboraci\u00f3n con la ciudadan\u00eda, organizaciones de la sociedad civil y el sector privado.<br \/><br \/>En este sentido, comparti\u00f3 las acciones que se han realizado en Cuauht\u00e9moc para recuperar espacios p\u00fablicos, infraestructura deportiva y equipamiento urbano, as\u00ed como las estrategias implementadas para fortalecer la atenci\u00f3n a mujeres v\u00edctimas de violencia.<br \/><br \/>Entre ellas, destac\u00f3 el acompa\u00f1amiento jur\u00eddico y psicol\u00f3gico, adem\u00e1s de la capacitaci\u00f3n de elementos policiales en materia de violencia de g\u00e9nero y mediaci\u00f3n comunitaria.<br \/><br \/>La delegaci\u00f3n de Nueva York, por su parte, comparti\u00f3 experiencias relacionadas con vivienda asequible, atenci\u00f3n a personas en situaci\u00f3n de calle, salud mental y modelos de intervenci\u00f3n social, as\u00ed como los retos que enfrentan los gobiernos locales para coordinarse con otros niveles de autoridad.<br \/><br \/>Durante la reuni\u00f3n tambi\u00e9n se abordaron las diferencias entre el modelo de alcald\u00edas de la Ciudad de M\u00e9xico y el sistema de gobierno local de Nueva York, particularmente en materia de facultades, recursos y capacidad de respuesta ante las necesidades de la poblaci\u00f3n.<br \/><br \/>La delegaci\u00f3n estuvo integrada adem\u00e1s por el senador Gustavo Rivera y las y los asamble\u00edstas Marcela Mitaynes, Steven Raga, George \u00c1lvarez, Manny de los Santos y Em\u00e9rita Torres.<br \/><br \/>La alcaldesa se\u00f1al\u00f3 que este tipo de encuentros permiten ampliar la perspectiva de los gobiernos locales y conocer experiencias que pueden contribuir a mejorar la atenci\u00f3n que reciben las personas.<br \/><br \/>\u201cPorque cuando las ciudades comparten lo que funciona, las buenas ideas cruzan fronteras y se convierten en mejores soluciones. Bienvenidas y bienvenidos a Cuauht\u00e9moc, el coraz\u00f3n de M\u00e9xico\u201d, concluy\u00f3.<br \/><br \/><br \/>\u2014 0 \u2014","protected":false},"excerpt":{"rendered":"<p>_* La alcaldesa y la delegaci\u00f3n intercambiaron experiencias sobre seguridad, atenci\u00f3n a mujeres, infraestructura, derechos y participaci\u00f3n ciudadana.__* Tambi\u00e9n abordaron los retos que enfrentan los gobiernos locales para atender de manera directa las necesidades de sus comunidades._ La alcaldesa Alessandra Rojo de la Vega recibi\u00f3 este mi\u00e9rcoles en la Alcald\u00eda Cuauht\u00e9moc a una delegaci\u00f3n de [&hellip;]<\/p>\n","protected":false},"author":6,"featured_media":3779,"comment_status":"open","ping_status":"open","sticky":false,"template":"","format":"standard","meta":{"footnotes":""},"categories":[1],"tags":[],"ppma_author":[43],"class_list":["post-3775","post","type-post","status-publish","format-standard","has-post-thumbnail","hentry","category-blog"],"authors":[{"term_id":43,"user_id":6,"is_guest":0,"slug":"staff","display_name":"STAFF","avatar_url":{"url":"https:\/\/pulsociudadano.network\/wp-content\/uploads\/2023\/11\/cropped-301392363_529368922396272_1685931149298827625_n-1.jpg","url2x":"https:\/\/pulsociudadano.network\/wp-content\/uploads\/2023\/11\/cropped-301392363_529368922396272_1685931149298827625_n-1.jpg"},"author_category":"1","user_url":"","last_name":"Arrieta","first_name":"STAFF","job_title":"","description":""}],"_links":{"self":[{"href":"https:\/\/pulsociudadano.network\/index.php\/wp-json\/wp\/v2\/posts\/3775","targetHints":{"allow":["GET"]}}],"collection":[{"href":"https:\/\/pulsociudadano.network\/index.php\/wp-json\/wp\/v2\/posts"}],"about":[{"href":"https:\/\/pulsociudadano.network\/index.php\/wp-json\/wp\/v2\/types\/post"}],"author":[{"embeddable":true,"href":"https:\/\/pulsociudadano.network\/index.php\/wp-json\/wp\/v2\/users\/6"}],"replies":[{"embeddable":true,"href":"https:\/\/pulsociudadano.network\/index.php\/wp-json\/wp\/v2\/comments?post=3775"}],"version-history":[{"count":1,"href":"https:\/\/pulsociudadano.network\/index.php\/wp-json\/wp\/v2\/posts\/3775\/revisions"}],"predecessor-version":[{"id":3777,"href":"https:\/\/pulsociudadano.network\/index.php\/wp-json\/wp\/v2\/posts\/3775\/revisions\/3777"}],"wp:featuredmedia":[{"embeddable":true,"href":"https:\/\/pulsociudadano.network\/index.php\/wp-json\/wp\/v2\/media\/3779"}],"wp:attachment":[{"href":"https:\/\/pulsociudadano.network\/index.php\/wp-json\/wp\/v2\/media?parent=3775"}],"wp:term":[{"taxonomy":"category","embeddable":true,"href":"https:\/\/pulsociudadano.network\/index.php\/wp-json\/wp\/v2\/categories?post=3775"},{"taxonomy":"post_tag","embeddable":true,"href":"https:\/\/pulsociudadano.network\/index.php\/wp-json\/wp\/v2\/tags?post=3775"},{"taxonomy":"author","embeddable":true,"href":"https:\/\/pulsociudadano.network\/index.php\/wp-json\/wp\/v2\/ppma_author?post=3775"}],"curies":[{"name":"wp","href":"https:\/\/api.w.org\/{rel}","templated":true}]}}