{"id":3772,"date":"2026-09-03T12:03:24","date_gmt":"2026-09-03T18:03:24","guid":{"rendered":"https:\/\/pulsociudadano.network\/?p=3772"},"modified":"2026-09-03T12:03:25","modified_gmt":"2026-09-03T18:03:25","slug":"ale-rojo-de-la-vega-entrega-cancha-en-la-roma-sur-van-mas-de-360-espacios-recuperados-con-renace","status":"publish","type":"post","link":"https:\/\/pulsociudadano.network\/index.php\/2026\/09\/03\/ale-rojo-de-la-vega-entrega-cancha-en-la-roma-sur-van-mas-de-360-espacios-recuperados-con-renace\/","title":{"rendered":"ALE ROJO DE LA VEGA ENTREGA CANCHA EN LA ROMA SUR; VAN M\u00c1S DE 360 ESPACIOS RECUPERADOS CON RENACE"},"content":{"rendered":"_* La nueva cancha de minipitch en el Parque Pentatl\u00f3n fue realizada en alianza con Aspen Institute, Amazon M\u00e9xico y Musco Internacional._<br \/>_* La alcaldesa destac\u00f3 que el espacio forma parte de la recuperaci\u00f3n integral de la zona, donde tambi\u00e9n se han realizado trabajos de mantenimiento, poda, iluminaci\u00f3n y reforestaci\u00f3n._<br \/><br \/><br \/>En el Parque Pentatl\u00f3n, de la colonia Roma Sur, la alcaldesa Ale Rojo de la Vega entreg\u00f3 una nueva cancha de minipitch, resultado de una alianza entre la Alcald\u00eda Cuauht\u00e9moc, Aspen Institute, Amazon M\u00e9xico y Musco Internacional.<br \/><br \/>El espacio estar\u00e1 destinado principalmente a ni\u00f1as, ni\u00f1os y j\u00f3venes de la zona. Durante la entrega, Ale Rojo de la Vega se\u00f1al\u00f3 que con esta acci\u00f3n Renace Cuauht\u00e9moc suma m\u00e1s de 360 espacios p\u00fablicos recuperados en la demarcaci\u00f3n.<br \/><br \/>\u201cYa basta de que lo p\u00fablico sea chafa. Lo p\u00fablico debe ser lo mejor porque es de la gente\u201d, afirm\u00f3 la alcaldesa, quien destac\u00f3 que la recuperaci\u00f3n de estos espacios incluye no solamente instalaciones deportivas, sino tambi\u00e9n calles, banquetas, mercados y espacios culturales.<br \/><br \/>Adem\u00e1s de la nueva cancha, este espacio ha recibido mantenimiento permanente; cabe recordar que en las \u00faltimas semanas tambi\u00e9n se llev\u00f3 a cabo una jornada de reforestaci\u00f3n y se han realizado trabajos de poda, recuperaci\u00f3n de luminarias y mantenimiento del entorno.<br \/><br \/>Ale Rojo de la Vega destac\u00f3 que este tipo de proyectos son posibles cuando gobierno, ciudadan\u00eda, sociedad civil y sector privado trabajan juntos.<br \/><br \/>\u201cEsto se hace juntos. Yo siempre he dicho, los gobiernos no podemos solos. Ni el presupuesto nos alcanza, y menos a las alcald\u00edas, pero mientras eso sucede hay que buscar el c\u00f3mo s\u00ed\u201d, se\u00f1al\u00f3.<br \/><br \/>La alcaldesa agreg\u00f3 que el objetivo es que los espacios p\u00fablicos sean utilizados y cuidados por la comunidad. \u201cLo queremos ocupado y lo queremos cuidado por ustedes, por vecinas y vecinos. Que este lugar nos dure mucho y nos va a durar si lo cuidamos entre todos\u201d, dijo.<br \/><br \/>En su intervenci\u00f3n, el embajador de Aspen Institute, Enrique Berruga, explic\u00f3 que el proyecto surgi\u00f3 a partir de un estudio sobre actividad f\u00edsica de ni\u00f1as y ni\u00f1os de entre 5 y 12 a\u00f1os en M\u00e9xico, que identific\u00f3 que pasan entre seis y ocho horas frente a alg\u00fan tipo de dispositivo.<br \/><br \/>Por ello, destac\u00f3 la importancia de contar con espacios deportivos atractivos y dignos que permitan cambiar esos h\u00e1bitos y, al mismo tiempo, fortalecer la convivencia entre las familias.<br \/><br \/>La alcaldesa agradeci\u00f3 a Aspen Institute, Project Play, Amazon M\u00e9xico y Musco Internacional, as\u00ed como a las \u00e1reas de la Alcald\u00eda que participaron en la recuperaci\u00f3n del espacio, y reiter\u00f3 el llamado a ni\u00f1as, ni\u00f1os, j\u00f3venes y familias a utilizar la cancha y mantenerla en buenas condiciones.<br \/><br \/>\u2014 0 \u2014","protected":false},"excerpt":{"rendered":"<p>_* La nueva cancha de minipitch en el Parque Pentatl\u00f3n fue realizada en alianza con Aspen Institute, Amazon M\u00e9xico y Musco Internacional.__* La alcaldesa destac\u00f3 que el espacio forma parte de la recuperaci\u00f3n integral de la zona, donde tambi\u00e9n se han realizado trabajos de mantenimiento, poda, iluminaci\u00f3n y reforestaci\u00f3n._ En el Parque Pentatl\u00f3n, de la [&hellip;]<\/p>\n","protected":false},"author":6,"featured_media":3776,"comment_status":"open","ping_status":"open","sticky":false,"template":"","format":"standard","meta":{"footnotes":""},"categories":[1],"tags":[],"ppma_author":[43],"class_list":["post-3772","post","type-post","status-publish","format-standard","has-post-thumbnail","hentry","category-blog"],"authors":[{"term_id":43,"user_id":6,"is_guest":0,"slug":"staff","display_name":"STAFF","avatar_url":{"url":"https:\/\/pulsociudadano.network\/wp-content\/uploads\/2023\/11\/cropped-301392363_529368922396272_1685931149298827625_n-1.jpg","url2x":"https:\/\/pulsociudadano.network\/wp-content\/uploads\/2023\/11\/cropped-301392363_529368922396272_1685931149298827625_n-1.jpg"},"author_category":"1","user_url":"","last_name":"Arrieta","first_name":"STAFF","job_title":"","description":""}],"_links":{"self":[{"href":"https:\/\/pulsociudadano.network\/index.php\/wp-json\/wp\/v2\/posts\/3772","targetHints":{"allow":["GET"]}}],"collection":[{"href":"https:\/\/pulsociudadano.network\/index.php\/wp-json\/wp\/v2\/posts"}],"about":[{"href":"https:\/\/pulsociudadano.network\/index.php\/wp-json\/wp\/v2\/types\/post"}],"author":[{"embeddable":true,"href":"https:\/\/pulsociudadano.network\/index.php\/wp-json\/wp\/v2\/users\/6"}],"replies":[{"embeddable":true,"href":"https:\/\/pulsociudadano.network\/index.php\/wp-json\/wp\/v2\/comments?post=3772"}],"version-history":[{"count":1,"href":"https:\/\/pulsociudadano.network\/index.php\/wp-json\/wp\/v2\/posts\/3772\/revisions"}],"predecessor-version":[{"id":3774,"href":"https:\/\/pulsociudadano.network\/index.php\/wp-json\/wp\/v2\/posts\/3772\/revisions\/3774"}],"wp:featuredmedia":[{"embeddable":true,"href":"https:\/\/pulsociudadano.network\/index.php\/wp-json\/wp\/v2\/media\/3776"}],"wp:attachment":[{"href":"https:\/\/pulsociudadano.network\/index.php\/wp-json\/wp\/v2\/media?parent=3772"}],"wp:term":[{"taxonomy":"category","embeddable":true,"href":"https:\/\/pulsociudadano.network\/index.php\/wp-json\/wp\/v2\/categories?post=3772"},{"taxonomy":"post_tag","embeddable":true,"href":"https:\/\/pulsociudadano.network\/index.php\/wp-json\/wp\/v2\/tags?post=3772"},{"taxonomy":"author","embeddable":true,"href":"https:\/\/pulsociudadano.network\/index.php\/wp-json\/wp\/v2\/ppma_author?post=3772"}],"curies":[{"name":"wp","href":"https:\/\/api.w.org\/{rel}","templated":true}]}}