{"id":3763,"date":"2026-09-01T13:43:12","date_gmt":"2026-09-01T19:43:12","guid":{"rendered":"https:\/\/pulsociudadano.network\/?p=3763"},"modified":"2026-09-01T13:43:13","modified_gmt":"2026-09-01T19:43:13","slug":"atendera-pri-preocupaciones-de-los-mexicanos-con-propuestas-legislativas-concretas","status":"publish","type":"post","link":"https:\/\/pulsociudadano.network\/index.php\/2026\/09\/01\/atendera-pri-preocupaciones-de-los-mexicanos-con-propuestas-legislativas-concretas\/","title":{"rendered":"ATENDER\u00c1 PRI PREOCUPACIONES DE LOS MEXICANOS CON PROPUESTAS LEGISLATIVAS CONCRETAS"},"content":{"rendered":"\u2022 El senador y Presidente del CEN del PRI, Alejandro Moreno, inform\u00f3 que como parte de los trabajos de la V Reuni\u00f3n Plenaria de los senadores y diputados del partido, con Li\u00e9bano S\u00e1enz platicaron sobre lo que hoy piensa, siente y exige la ciudadan\u00eda.<br \/><br \/>\u2022 De cara al pr\u00f3ximo periodo ordinario de sesiones del Congreso, los legisladores priistas construyen una agenda responsable, sustentada en el an\u00e1lisis y enfocada en dar respuestas a las necesidades actuales de los mexicanos.<br \/><br \/>En el segundo d\u00eda de trabajos de la V Reuni\u00f3n Plenaria de los senadores y diputados del PRI, el Presidente del Comit\u00e9 Ejecutivo Nacional (CEN), Alejandro Moreno, afirm\u00f3 que desde el Congreso, los legisladores priistas llevar\u00e1n las preocupaciones de la ciudadan\u00eda a propuestas concretas en materia de salud, educaci\u00f3n, seguridad y desarrollo econ\u00f3mico.<br \/><br \/>Los legisladores federales del PRI contin\u00faan construyendo una agenda responsable, sustentada en el an\u00e1lisis y enfocada en dar respuestas a las necesidades actuales de los mexicanos.<br \/><br \/>El primer ponente ante los senadores y diputados, encabezados por los Coordinadores Parlamentarios, Manuel A\u00f1orve y Rub\u00e9n Moreira, fue el especialista en comunicaci\u00f3n Li\u00e9bano S\u00e1enz, quien expuso sobre \u201cEl PRI rumbo al proceso electoral 2027\u201d. Con \u00e9l, dijo el dirigente nacional, \u201cplaticamos sobre el humor social y sobre lo que hoy piensa, siente y exige la ciudadan\u00eda\u201d.<br \/><br \/>El senador Alejandro Moreno indic\u00f3 que \u201chay que escuchar con atenci\u00f3n y entender lo que est\u00e1 pasando en las calles\u201d, e inform\u00f3 que en el PRI \u201cseguimos trabajando, coordinados y cerca de la gente, para dar respuestas y resultados a las familias mexicanas\u201d.<br \/><br \/>Enseguida, el ex Presidente de la Barra Mexicana de Abogados, V\u00edctor Ol\u00e9a, les comparti\u00f3 un an\u00e1lisis sobre el delito de despojo, que en la actualidad es uno de los temas que requieren atenci\u00f3n desde el \u00e1mbito jur\u00eddico y legislativo. Durante su ponencia, se convers\u00f3 sobre c\u00f3mo prevenir, investigar y sancionar este delito que atenta contra el patrimonio de las familias mexicanas, que durante a\u00f1os de trabajo y esfuerzo han logrado construir.<br \/><br \/>Posteriormente, el doctor en Derecho Enrique Pereda Trejo comparti\u00f3 a los diputados y senadores un an\u00e1lisis sobre el feminicidio, los retos que enfrenta su atenci\u00f3n desde el \u00e1mbito jur\u00eddico y la necesidad de fortalecer las herramientas institucionales para combatirlo.<br \/><br \/>Con estos espacios de an\u00e1lisis, y con la participaci\u00f3n de expertos, el PRI construye propuestas serias frente a uno de los problemas m\u00e1s graves que se enfrentan en M\u00e9xico.<br \/><br \/>M\u00e1s tarde, particip\u00f3 Jorge Alberto Medell\u00edn Pinto, quien present\u00f3 a los diputados y senadores del PRI un an\u00e1lisis sobre los retos en materia electoral.<br \/><br \/>&#8212;000&#8212;","protected":false},"excerpt":{"rendered":"<p>\u2022 El senador y Presidente del CEN del PRI, Alejandro Moreno, inform\u00f3 que como parte de los trabajos de la V Reuni\u00f3n Plenaria de los senadores y diputados del partido, con Li\u00e9bano S\u00e1enz platicaron sobre lo que hoy piensa, siente y exige la ciudadan\u00eda. \u2022 De cara al pr\u00f3ximo periodo ordinario de sesiones del Congreso, [&hellip;]<\/p>\n","protected":false},"author":6,"featured_media":3767,"comment_status":"open","ping_status":"open","sticky":false,"template":"","format":"standard","meta":{"footnotes":""},"categories":[1],"tags":[],"ppma_author":[43],"class_list":["post-3763","post","type-post","status-publish","format-standard","has-post-thumbnail","hentry","category-blog"],"authors":[{"term_id":43,"user_id":6,"is_guest":0,"slug":"staff","display_name":"STAFF","avatar_url":{"url":"https:\/\/pulsociudadano.network\/wp-content\/uploads\/2023\/11\/cropped-301392363_529368922396272_1685931149298827625_n-1.jpg","url2x":"https:\/\/pulsociudadano.network\/wp-content\/uploads\/2023\/11\/cropped-301392363_529368922396272_1685931149298827625_n-1.jpg"},"author_category":"1","user_url":"","last_name":"Arrieta","first_name":"STAFF","job_title":"","description":""}],"_links":{"self":[{"href":"https:\/\/pulsociudadano.network\/index.php\/wp-json\/wp\/v2\/posts\/3763","targetHints":{"allow":["GET"]}}],"collection":[{"href":"https:\/\/pulsociudadano.network\/index.php\/wp-json\/wp\/v2\/posts"}],"about":[{"href":"https:\/\/pulsociudadano.network\/index.php\/wp-json\/wp\/v2\/types\/post"}],"author":[{"embeddable":true,"href":"https:\/\/pulsociudadano.network\/index.php\/wp-json\/wp\/v2\/users\/6"}],"replies":[{"embeddable":true,"href":"https:\/\/pulsociudadano.network\/index.php\/wp-json\/wp\/v2\/comments?post=3763"}],"version-history":[{"count":1,"href":"https:\/\/pulsociudadano.network\/index.php\/wp-json\/wp\/v2\/posts\/3763\/revisions"}],"predecessor-version":[{"id":3765,"href":"https:\/\/pulsociudadano.network\/index.php\/wp-json\/wp\/v2\/posts\/3763\/revisions\/3765"}],"wp:featuredmedia":[{"embeddable":true,"href":"https:\/\/pulsociudadano.network\/index.php\/wp-json\/wp\/v2\/media\/3767"}],"wp:attachment":[{"href":"https:\/\/pulsociudadano.network\/index.php\/wp-json\/wp\/v2\/media?parent=3763"}],"wp:term":[{"taxonomy":"category","embeddable":true,"href":"https:\/\/pulsociudadano.network\/index.php\/wp-json\/wp\/v2\/categories?post=3763"},{"taxonomy":"post_tag","embeddable":true,"href":"https:\/\/pulsociudadano.network\/index.php\/wp-json\/wp\/v2\/tags?post=3763"},{"taxonomy":"author","embeddable":true,"href":"https:\/\/pulsociudadano.network\/index.php\/wp-json\/wp\/v2\/ppma_author?post=3763"}],"curies":[{"name":"wp","href":"https:\/\/api.w.org\/{rel}","templated":true}]}}