{"id":3760,"date":"2026-09-01T13:38:40","date_gmt":"2026-09-01T19:38:40","guid":{"rendered":"https:\/\/pulsociudadano.network\/?p=3760"},"modified":"2026-09-01T13:38:40","modified_gmt":"2026-09-01T19:38:40","slug":"mexico-no-tiene-duenos-desde-el-angel-de-la-independencia-ale-rojo-de-la-vega-da-inicio-a-los-festejos-patrios","status":"publish","type":"post","link":"https:\/\/pulsociudadano.network\/index.php\/2026\/09\/01\/mexico-no-tiene-duenos-desde-el-angel-de-la-independencia-ale-rojo-de-la-vega-da-inicio-a-los-festejos-patrios\/","title":{"rendered":"M\u00c9XICO NO TIENE DUE\u00d1OS\u201d: DESDE EL \u00c1NGEL DE LA INDEPENDENCIA, ALE ROJO DE LA VEGA DA INICIO A LOS FESTEJOS PATRIOS"},"content":{"rendered":"_* La alcaldesa llam\u00f3 a celebrar septiembre asumiendo la responsabilidad de cuidar la ciudad, respetar la ley y defender la libertad._<br \/>_* Al pie de la Columna a la Independencia, destac\u00f3 que cada generaci\u00f3n tiene la responsabilidad de ejercer, defender y ampliar las libertades conquistadas hace m\u00e1s de 200 a\u00f1os._<br \/><br \/><br \/>Al pie de la Columna a la Independencia, la alcaldesa Alessandra Rojo de la Vega dio inicio formal a los festejos patrios y llam\u00f3 a las y los mexicanos a asumir la responsabilidad de cuidar la libertad y construir, desde la vida cotidiana, el pa\u00eds que quieren para las siguientes generaciones.<br \/><br \/>\u201cM\u00e9xico no tiene due\u00f1os. M\u00e9xico no le pertenece a una persona. M\u00e9xico no le pertenece a un gobierno, ni a un partido pol\u00edtico. M\u00e9xico le pertenece a su gente\u201d, se\u00f1al\u00f3.<br \/><br \/>La alcaldesa destac\u00f3 que septiembre representa una oportunidad para recordar que la libertad que hoy existe fue conquistada por mujeres y hombres que decidieron que M\u00e9xico ten\u00eda derecho a elegir su propio camino y que ning\u00fan poder deb\u00eda ser eterno.<br \/><br \/>Por ello, se\u00f1al\u00f3 que celebrar a M\u00e9xico va m\u00e1s all\u00e1 de colocar banderas en las calles y conmemorar la Independencia. \u201cAmar a M\u00e9xico es hacernos responsables de nuestro pa\u00eds. Es cuidar nuestra ciudad, es respetar la ley, es cuidar nuestro patrimonio. Es defender a quien necesita ayuda\u201d, afirm\u00f3.<br \/><br \/>Ale Rojo de la Vega sostuvo que los grandes cambios tambi\u00e9n comienzan con las decisiones de cada persona y con la participaci\u00f3n ciudadana, por lo que llam\u00f3 a dejar de esperar que alguien m\u00e1s resuelva los problemas y preguntarse qu\u00e9 puede hacer cada quien para mejorar su entorno.<br \/><br \/>\u201cUn pa\u00eds no lo construyen solamente sus gobiernos. Lo construyen sus ciudadanos y sus ciudadanas\u201d, se\u00f1al\u00f3.<br \/><br \/>Tambi\u00e9n destac\u00f3 que la libertad debe poder sentirse en la vida cotidiana y puso como ejemplo contar con una calle iluminada, un parque ocupado por familias, que una mujer encuentre protecci\u00f3n cuando la necesita, que una persona pueda trabajar con tranquilidad y que ni\u00f1as y ni\u00f1os tengan oportunidades para construir su propio futuro.<br \/><br \/>\u201cLa libertad tiene que sentirse en la vida cotidiana, y esa tambi\u00e9n es nuestra responsabilidad desde el gobierno\u201d, afirm\u00f3.<br \/><br \/>La alcaldesa se\u00f1al\u00f3 que su gobierno tiene una responsabilidad particular al encontrarse en el coraz\u00f3n hist\u00f3rico, pol\u00edtico, cultural y social de la Ciudad de M\u00e9xico, donde se concentran monumentos, plazas, barrios y espacios que forman parte de la historia nacional.<br \/><br \/>Ale Rojo de la Vega llam\u00f3 tambi\u00e9n a reconocer la pluralidad del pa\u00eds y entender que las diferencias pol\u00edticas, ideol\u00f3gicas, sociales o econ\u00f3micas no tienen que impedir que las personas compartan una misma naci\u00f3n.<br \/><br \/>Al concluir su mensaje ante vecinos y personal de la Alcald\u00eda Cuauht\u00e9moc, la alcaldesa deposit\u00f3 una ofrenda floral al pie del \u00c1ngel de la Independencia; el acto fue acompa\u00f1ado por la Banda de Guerra y Escolta de la Polic\u00eda Auxiliar de la Ciudad de M\u00e9xico.","protected":false},"excerpt":{"rendered":"<p>_* La alcaldesa llam\u00f3 a celebrar septiembre asumiendo la responsabilidad de cuidar la ciudad, respetar la ley y defender la libertad.__* Al pie de la Columna a la Independencia, destac\u00f3 que cada generaci\u00f3n tiene la responsabilidad de ejercer, defender y ampliar las libertades conquistadas hace m\u00e1s de 200 a\u00f1os._ Al pie de la Columna a [&hellip;]<\/p>\n","protected":false},"author":6,"featured_media":3764,"comment_status":"open","ping_status":"open","sticky":false,"template":"","format":"standard","meta":{"footnotes":""},"categories":[1],"tags":[],"ppma_author":[43],"class_list":["post-3760","post","type-post","status-publish","format-standard","has-post-thumbnail","hentry","category-blog"],"authors":[{"term_id":43,"user_id":6,"is_guest":0,"slug":"staff","display_name":"STAFF","avatar_url":{"url":"https:\/\/pulsociudadano.network\/wp-content\/uploads\/2023\/11\/cropped-301392363_529368922396272_1685931149298827625_n-1.jpg","url2x":"https:\/\/pulsociudadano.network\/wp-content\/uploads\/2023\/11\/cropped-301392363_529368922396272_1685931149298827625_n-1.jpg"},"author_category":"1","user_url":"","last_name":"Arrieta","first_name":"STAFF","job_title":"","description":""}],"_links":{"self":[{"href":"https:\/\/pulsociudadano.network\/index.php\/wp-json\/wp\/v2\/posts\/3760","targetHints":{"allow":["GET"]}}],"collection":[{"href":"https:\/\/pulsociudadano.network\/index.php\/wp-json\/wp\/v2\/posts"}],"about":[{"href":"https:\/\/pulsociudadano.network\/index.php\/wp-json\/wp\/v2\/types\/post"}],"author":[{"embeddable":true,"href":"https:\/\/pulsociudadano.network\/index.php\/wp-json\/wp\/v2\/users\/6"}],"replies":[{"embeddable":true,"href":"https:\/\/pulsociudadano.network\/index.php\/wp-json\/wp\/v2\/comments?post=3760"}],"version-history":[{"count":1,"href":"https:\/\/pulsociudadano.network\/index.php\/wp-json\/wp\/v2\/posts\/3760\/revisions"}],"predecessor-version":[{"id":3762,"href":"https:\/\/pulsociudadano.network\/index.php\/wp-json\/wp\/v2\/posts\/3760\/revisions\/3762"}],"wp:featuredmedia":[{"embeddable":true,"href":"https:\/\/pulsociudadano.network\/index.php\/wp-json\/wp\/v2\/media\/3764"}],"wp:attachment":[{"href":"https:\/\/pulsociudadano.network\/index.php\/wp-json\/wp\/v2\/media?parent=3760"}],"wp:term":[{"taxonomy":"category","embeddable":true,"href":"https:\/\/pulsociudadano.network\/index.php\/wp-json\/wp\/v2\/categories?post=3760"},{"taxonomy":"post_tag","embeddable":true,"href":"https:\/\/pulsociudadano.network\/index.php\/wp-json\/wp\/v2\/tags?post=3760"},{"taxonomy":"author","embeddable":true,"href":"https:\/\/pulsociudadano.network\/index.php\/wp-json\/wp\/v2\/ppma_author?post=3760"}],"curies":[{"name":"wp","href":"https:\/\/api.w.org\/{rel}","templated":true}]}}