{"id":3757,"date":"2026-08-31T10:02:57","date_gmt":"2026-08-31T16:02:57","guid":{"rendered":"https:\/\/pulsociudadano.network\/?p=3757"},"modified":"2026-08-31T10:02:58","modified_gmt":"2026-08-31T16:02:58","slug":"mas-de-600-ninas-y-ninos-regresan-este-lunes-a-los-18-cendi-de-cuauhtemoc","status":"publish","type":"post","link":"https:\/\/pulsociudadano.network\/index.php\/2026\/08\/31\/mas-de-600-ninas-y-ninos-regresan-este-lunes-a-los-18-cendi-de-cuauhtemoc\/","title":{"rendered":"M\u00c1S DE 600 NI\u00d1AS Y NI\u00d1OS REGRESAN ESTE LUNES A LOS 18 CENDI DE CUAUHT\u00c9MOC"},"content":{"rendered":"_* Los Centros de Desarrollo Infantil brindan servicio de 8:30 a 14:45 horas y las inscripciones permanecen abiertas._<br \/>_* Por instrucci\u00f3n de la alcaldesa Alessandra Rojo de la Vega, las 162 trabajadoras de los CENDI han sido capacitadas en materia de Protecci\u00f3n Civil._<br \/><br \/><br \/>Este lunes 31 de agosto, m\u00e1s de 600 ni\u00f1as y ni\u00f1os regresar\u00e1n a los 18 Centros de Desarrollo Infantil (CENDI) de la Alcald\u00eda Cuauht\u00e9moc, luego del periodo vacacional.<br \/><br \/>Por instrucciones de la alcaldesa Alessandra Rojo de la Vega, durante la administraci\u00f3n se han reforzado las medidas de prevenci\u00f3n y seguridad en estos espacios, incluida la capacitaci\u00f3n en materia de Protecci\u00f3n Civil para las 162 trabajadoras que forman parte de la plantilla de los 18 CENDI.<br \/><br \/>La capacitaci\u00f3n busca que el personal cuente con herramientas para actuar ante una emergencia y proteger a las ni\u00f1as y ni\u00f1os que diariamente permanecen en estos centros.<br \/><br \/>Los CENDI atienden a ni\u00f1as y ni\u00f1os de 3 a 5 a\u00f1os 11 meses, con actividades pedag\u00f3gicas y servicios de asistencia, salud y nutrici\u00f3n, adem\u00e1s de trabajo de vinculaci\u00f3n con madres y padres de familia.<br \/><br \/>La alcald\u00eda tambi\u00e9n ha realizado trabajos de mantenimiento en estos espacios para conservarlos en condiciones adecuadas para las actividades diarias de las ni\u00f1as y ni\u00f1os. Se trata de acciones que contribuyen a la atenci\u00f3n constante de las necesidades de los centros.<br \/><br \/>Los 18 CENDI cuentan con directoras, personal administrativo, educadoras, cocineras y personal de intendencia. El horario de servicio es de 8:30 a 14:45 horas y las inscripciones permanecen abiertas.<br \/><br \/>La Alcald\u00eda Cuauht\u00e9moc mantiene as\u00ed la operaci\u00f3n de sus 18 CENDI y las acciones de mantenimiento, prevenci\u00f3n y seguridad para las ni\u00f1as y ni\u00f1os que acuden diariamente a estos espacios.","protected":false},"excerpt":{"rendered":"<p>_* Los Centros de Desarrollo Infantil brindan servicio de 8:30 a 14:45 horas y las inscripciones permanecen abiertas.__* Por instrucci\u00f3n de la alcaldesa Alessandra Rojo de la Vega, las 162 trabajadoras de los CENDI han sido capacitadas en materia de Protecci\u00f3n Civil._ Este lunes 31 de agosto, m\u00e1s de 600 ni\u00f1as y ni\u00f1os regresar\u00e1n a [&hellip;]<\/p>\n","protected":false},"author":6,"featured_media":3761,"comment_status":"open","ping_status":"open","sticky":false,"template":"","format":"standard","meta":{"footnotes":""},"categories":[1],"tags":[],"ppma_author":[43],"class_list":["post-3757","post","type-post","status-publish","format-standard","has-post-thumbnail","hentry","category-blog"],"authors":[{"term_id":43,"user_id":6,"is_guest":0,"slug":"staff","display_name":"STAFF","avatar_url":{"url":"https:\/\/pulsociudadano.network\/wp-content\/uploads\/2023\/11\/cropped-301392363_529368922396272_1685931149298827625_n-1.jpg","url2x":"https:\/\/pulsociudadano.network\/wp-content\/uploads\/2023\/11\/cropped-301392363_529368922396272_1685931149298827625_n-1.jpg"},"author_category":"1","user_url":"","last_name":"Arrieta","first_name":"STAFF","job_title":"","description":""}],"_links":{"self":[{"href":"https:\/\/pulsociudadano.network\/index.php\/wp-json\/wp\/v2\/posts\/3757","targetHints":{"allow":["GET"]}}],"collection":[{"href":"https:\/\/pulsociudadano.network\/index.php\/wp-json\/wp\/v2\/posts"}],"about":[{"href":"https:\/\/pulsociudadano.network\/index.php\/wp-json\/wp\/v2\/types\/post"}],"author":[{"embeddable":true,"href":"https:\/\/pulsociudadano.network\/index.php\/wp-json\/wp\/v2\/users\/6"}],"replies":[{"embeddable":true,"href":"https:\/\/pulsociudadano.network\/index.php\/wp-json\/wp\/v2\/comments?post=3757"}],"version-history":[{"count":1,"href":"https:\/\/pulsociudadano.network\/index.php\/wp-json\/wp\/v2\/posts\/3757\/revisions"}],"predecessor-version":[{"id":3759,"href":"https:\/\/pulsociudadano.network\/index.php\/wp-json\/wp\/v2\/posts\/3757\/revisions\/3759"}],"wp:featuredmedia":[{"embeddable":true,"href":"https:\/\/pulsociudadano.network\/index.php\/wp-json\/wp\/v2\/media\/3761"}],"wp:attachment":[{"href":"https:\/\/pulsociudadano.network\/index.php\/wp-json\/wp\/v2\/media?parent=3757"}],"wp:term":[{"taxonomy":"category","embeddable":true,"href":"https:\/\/pulsociudadano.network\/index.php\/wp-json\/wp\/v2\/categories?post=3757"},{"taxonomy":"post_tag","embeddable":true,"href":"https:\/\/pulsociudadano.network\/index.php\/wp-json\/wp\/v2\/tags?post=3757"},{"taxonomy":"author","embeddable":true,"href":"https:\/\/pulsociudadano.network\/index.php\/wp-json\/wp\/v2\/ppma_author?post=3757"}],"curies":[{"name":"wp","href":"https:\/\/api.w.org\/{rel}","templated":true}]}}