{"id":3754,"date":"2026-08-31T10:02:06","date_gmt":"2026-08-31T16:02:06","guid":{"rendered":"https:\/\/pulsociudadano.network\/?p=3754"},"modified":"2026-08-31T10:02:06","modified_gmt":"2026-08-31T16:02:06","slug":"con-descableale-ale-rojo-de-la-vega-encabeza-retiro-de-550-metros-de-cableado-en-desuso-en-la-colonia-hipodromo","status":"publish","type":"post","link":"https:\/\/pulsociudadano.network\/index.php\/2026\/08\/31\/con-descableale-ale-rojo-de-la-vega-encabeza-retiro-de-550-metros-de-cableado-en-desuso-en-la-colonia-hipodromo\/","title":{"rendered":"CON \u2018DESCABL\u00c9ALE\u2019, ALE ROJO DE LA VEGA ENCABEZA RETIRO DE 550 METROS DE CABLEADO EN DESUSO EN LA COLONIA HIP\u00d3DROMO"},"content":{"rendered":"_* Desde su implementaci\u00f3n en 2025, el programa \u2018Descabl\u00e9ale\u2019 ha retirado 3 mil 100 metros de cableado en desuso mediante 23 jornadas en distintas colonias de Cuauht\u00e9moc._<br \/>_* Los trabajos se realizan en coordinaci\u00f3n con CFE, Izzi, Totalplay, Axtel, Bestel y UC Telecom._ <br \/><br \/><br \/>La alcaldesa Alessandra Rojo de la Vega encabez\u00f3 los trabajos para el retiro de 550 metros lineales de cableado en desuso durante una jornada de \u2018Descabl\u00e9ale\u2019, realizada en la colonia Hip\u00f3dromo, como parte de Alcald\u00eda en tus Manos.<br \/><br \/>Las brigadas trabajaron en el pol\u00edgono comprendido por las calles Reynosa, Ensenada, Cholula y General Benjam\u00edn Hill, donde retiraron cableado que ya no se encontraba en uso, en coordinaci\u00f3n con personal de las empresas responsables de las distintas redes.<br \/><br \/>Con esta jornada, \u2018Descab\u00e9ale\u2019 suma 23 intervenciones desde 2025 y 3 mil 100 metros de cableado en desuso retirados en distintos puntos de la demarcaci\u00f3n.<br \/><br \/>En estos trabajos participan CFE, Izzi, Totalplay, Axtel, Bestel y UC Telecom, cuyos equipos retiran el cableado que corresponde a sus respectivas redes.<br \/><br \/>Previo a subirse a una canastilla para sumarse a las labores, Ale Rojo de la Vega se\u00f1al\u00f3 que el cableado que ya no presta ning\u00fan servicio tambi\u00e9n termina acumul\u00e1ndose en las calles y afecta la imagen de las colonias, adem\u00e1s de generar riesgos para los transe\u00fantes.<br \/><br \/>\u201cAprovechando que andamos en la Hip\u00f3dromo tocando puertas, caminando las calles, para descablear, \u2018Descabl\u00e9ale\u2019. Miren nom\u00e1s esta cantidad de cables que vamos a echarnos de una vez; de hecho, nos acompa\u00f1an algunas compa\u00f1\u00edas que nos van a estar ayudando, porque no solo es peligroso por los cables que se quedan colgando, sino que hay que mejorar la imagen urbana\u201d, destac\u00f3.<br \/><br \/>Como lo ha hecho desde hace m\u00e1s de un a\u00f1o, el gobierno que encabeza Ale Rojo de la Vega continuar\u00e1 con \u2018Descab\u00e9ale\u2019, implementando jornadas en distintos puntos de las 33 colonias de Cuauht\u00e9moc, de la mano de las empresas responsables del cableado.","protected":false},"excerpt":{"rendered":"<p>_* Desde su implementaci\u00f3n en 2025, el programa \u2018Descabl\u00e9ale\u2019 ha retirado 3 mil 100 metros de cableado en desuso mediante 23 jornadas en distintas colonias de Cuauht\u00e9moc.__* Los trabajos se realizan en coordinaci\u00f3n con CFE, Izzi, Totalplay, Axtel, Bestel y UC Telecom._ La alcaldesa Alessandra Rojo de la Vega encabez\u00f3 los trabajos para el retiro [&hellip;]<\/p>\n","protected":false},"author":6,"featured_media":3758,"comment_status":"open","ping_status":"open","sticky":false,"template":"","format":"standard","meta":{"footnotes":""},"categories":[1],"tags":[],"ppma_author":[43],"class_list":["post-3754","post","type-post","status-publish","format-standard","has-post-thumbnail","hentry","category-blog"],"authors":[{"term_id":43,"user_id":6,"is_guest":0,"slug":"staff","display_name":"STAFF","avatar_url":{"url":"https:\/\/pulsociudadano.network\/wp-content\/uploads\/2023\/11\/cropped-301392363_529368922396272_1685931149298827625_n-1.jpg","url2x":"https:\/\/pulsociudadano.network\/wp-content\/uploads\/2023\/11\/cropped-301392363_529368922396272_1685931149298827625_n-1.jpg"},"author_category":"1","user_url":"","last_name":"Arrieta","first_name":"STAFF","job_title":"","description":""}],"_links":{"self":[{"href":"https:\/\/pulsociudadano.network\/index.php\/wp-json\/wp\/v2\/posts\/3754","targetHints":{"allow":["GET"]}}],"collection":[{"href":"https:\/\/pulsociudadano.network\/index.php\/wp-json\/wp\/v2\/posts"}],"about":[{"href":"https:\/\/pulsociudadano.network\/index.php\/wp-json\/wp\/v2\/types\/post"}],"author":[{"embeddable":true,"href":"https:\/\/pulsociudadano.network\/index.php\/wp-json\/wp\/v2\/users\/6"}],"replies":[{"embeddable":true,"href":"https:\/\/pulsociudadano.network\/index.php\/wp-json\/wp\/v2\/comments?post=3754"}],"version-history":[{"count":1,"href":"https:\/\/pulsociudadano.network\/index.php\/wp-json\/wp\/v2\/posts\/3754\/revisions"}],"predecessor-version":[{"id":3756,"href":"https:\/\/pulsociudadano.network\/index.php\/wp-json\/wp\/v2\/posts\/3754\/revisions\/3756"}],"wp:featuredmedia":[{"embeddable":true,"href":"https:\/\/pulsociudadano.network\/index.php\/wp-json\/wp\/v2\/media\/3758"}],"wp:attachment":[{"href":"https:\/\/pulsociudadano.network\/index.php\/wp-json\/wp\/v2\/media?parent=3754"}],"wp:term":[{"taxonomy":"category","embeddable":true,"href":"https:\/\/pulsociudadano.network\/index.php\/wp-json\/wp\/v2\/categories?post=3754"},{"taxonomy":"post_tag","embeddable":true,"href":"https:\/\/pulsociudadano.network\/index.php\/wp-json\/wp\/v2\/tags?post=3754"},{"taxonomy":"author","embeddable":true,"href":"https:\/\/pulsociudadano.network\/index.php\/wp-json\/wp\/v2\/ppma_author?post=3754"}],"curies":[{"name":"wp","href":"https:\/\/api.w.org\/{rel}","templated":true}]}}