{"id":3751,"date":"2026-08-31T10:01:11","date_gmt":"2026-08-31T16:01:11","guid":{"rendered":"https:\/\/pulsociudadano.network\/?p=3751"},"modified":"2026-08-31T10:01:11","modified_gmt":"2026-08-31T16:01:11","slug":"proteccion-civil-y-policia-auxiliar-de-cuauhtemoc-participan-en-atencion-de-incendio-en-tlatelolco","status":"publish","type":"post","link":"https:\/\/pulsociudadano.network\/index.php\/2026\/08\/31\/proteccion-civil-y-policia-auxiliar-de-cuauhtemoc-participan-en-atencion-de-incendio-en-tlatelolco\/","title":{"rendered":"PROTECCI\u00d3N CIVIL Y POLIC\u00cdA AUXILIAR DE CUAUHT\u00c9MOC PARTICIPAN EN ATENCI\u00d3N DE INCENDIO EN TLATELOLCO"},"content":{"rendered":"Durante la noche del s\u00e1bado, personal de la Direcci\u00f3n General de Gesti\u00f3n Integral de Riesgos y Protecci\u00f3n Civil y de la Polic\u00eda Auxiliar Sector 64 Ori\u00f3n de la Alcald\u00eda Cuauht\u00e9moc particip\u00f3 en la atenci\u00f3n de un incendio registrado en un local de reparaci\u00f3n de aparatos el\u00e9ctricos en el edificio Riva Palacio, ubicado en Eje 1 Oriente Guerrero y Eje 2 Norte Manuel Gonz\u00e1lez, en Tlatelolco.<br \/><br \/>A su arribo, los equipos encontraron el establecimiento en combusti\u00f3n libre y trabajaron en conjunto con elementos del Heroico Cuerpo de Bomberos para controlar y extinguir el incendio.<br \/><br \/>Como parte de la atenci\u00f3n de la emergencia, personal de la alcald\u00eda apoy\u00f3 en el descenso y evacuaci\u00f3n de dos mujeres de 68 y 84 a\u00f1os, quienes se encontraban en el sexto y s\u00e9ptimo piso del inmueble y fueron reportadas estables.<br \/><br \/>Asimismo, tres personas, dos hombres de 41 a\u00f1os y una mujer de 79 a\u00f1os, fueron atendidas por crisis nerviosa.<br \/><br \/>Durante las labores, una mujer de 41 a\u00f1os, elemento de la Polic\u00eda Auxiliar Sector 64 Ori\u00f3n, fue atendida por intoxicaci\u00f3n y trasladada por personal del ERUM al Hospital \u00c1lvaro Obreg\u00f3n para recibir atenci\u00f3n m\u00e9dica.<br \/><br \/>La alcaldesa Alessandra Rojo de la Vega inform\u00f3 que el incendio fue controlado y que los equipos de emergencia continuaron con las labores de enfriamiento en la zona.<br \/><br \/>\u201cAnte el incendio registrado en un local de reparaci\u00f3n de aparatos el\u00e9ctricos en el edificio Riva Palacio, en Tlatelolco, actuamos de inmediato. Bomberos, Protecci\u00f3n Civil Cuauht\u00e9moc y Polic\u00eda Auxiliar trabajaron de manera coordinada para poner a salvo a las personas y controlar las llamas\u201d, se\u00f1al\u00f3.<br \/><br \/>Como parte de la respuesta, la Alcald\u00eda Cuauht\u00e9moc tambi\u00e9n dispuso pipas de agua para apoyar las labores de emergencia.","protected":false},"excerpt":{"rendered":"<p>Durante la noche del s\u00e1bado, personal de la Direcci\u00f3n General de Gesti\u00f3n Integral de Riesgos y Protecci\u00f3n Civil y de la Polic\u00eda Auxiliar Sector 64 Ori\u00f3n de la Alcald\u00eda Cuauht\u00e9moc particip\u00f3 en la atenci\u00f3n de un incendio registrado en un local de reparaci\u00f3n de aparatos el\u00e9ctricos en el edificio Riva Palacio, ubicado en Eje 1 [&hellip;]<\/p>\n","protected":false},"author":6,"featured_media":3755,"comment_status":"open","ping_status":"open","sticky":false,"template":"","format":"standard","meta":{"footnotes":""},"categories":[1],"tags":[],"ppma_author":[43],"class_list":["post-3751","post","type-post","status-publish","format-standard","has-post-thumbnail","hentry","category-blog"],"authors":[{"term_id":43,"user_id":6,"is_guest":0,"slug":"staff","display_name":"STAFF","avatar_url":{"url":"https:\/\/pulsociudadano.network\/wp-content\/uploads\/2023\/11\/cropped-301392363_529368922396272_1685931149298827625_n-1.jpg","url2x":"https:\/\/pulsociudadano.network\/wp-content\/uploads\/2023\/11\/cropped-301392363_529368922396272_1685931149298827625_n-1.jpg"},"author_category":"1","user_url":"","last_name":"Arrieta","first_name":"STAFF","job_title":"","description":""}],"_links":{"self":[{"href":"https:\/\/pulsociudadano.network\/index.php\/wp-json\/wp\/v2\/posts\/3751","targetHints":{"allow":["GET"]}}],"collection":[{"href":"https:\/\/pulsociudadano.network\/index.php\/wp-json\/wp\/v2\/posts"}],"about":[{"href":"https:\/\/pulsociudadano.network\/index.php\/wp-json\/wp\/v2\/types\/post"}],"author":[{"embeddable":true,"href":"https:\/\/pulsociudadano.network\/index.php\/wp-json\/wp\/v2\/users\/6"}],"replies":[{"embeddable":true,"href":"https:\/\/pulsociudadano.network\/index.php\/wp-json\/wp\/v2\/comments?post=3751"}],"version-history":[{"count":1,"href":"https:\/\/pulsociudadano.network\/index.php\/wp-json\/wp\/v2\/posts\/3751\/revisions"}],"predecessor-version":[{"id":3753,"href":"https:\/\/pulsociudadano.network\/index.php\/wp-json\/wp\/v2\/posts\/3751\/revisions\/3753"}],"wp:featuredmedia":[{"embeddable":true,"href":"https:\/\/pulsociudadano.network\/index.php\/wp-json\/wp\/v2\/media\/3755"}],"wp:attachment":[{"href":"https:\/\/pulsociudadano.network\/index.php\/wp-json\/wp\/v2\/media?parent=3751"}],"wp:term":[{"taxonomy":"category","embeddable":true,"href":"https:\/\/pulsociudadano.network\/index.php\/wp-json\/wp\/v2\/categories?post=3751"},{"taxonomy":"post_tag","embeddable":true,"href":"https:\/\/pulsociudadano.network\/index.php\/wp-json\/wp\/v2\/tags?post=3751"},{"taxonomy":"author","embeddable":true,"href":"https:\/\/pulsociudadano.network\/index.php\/wp-json\/wp\/v2\/ppma_author?post=3751"}],"curies":[{"name":"wp","href":"https:\/\/api.w.org\/{rel}","templated":true}]}}