{"id":3748,"date":"2026-08-31T10:00:11","date_gmt":"2026-08-31T16:00:11","guid":{"rendered":"https:\/\/pulsociudadano.network\/?p=3748"},"modified":"2026-08-31T10:00:12","modified_gmt":"2026-08-31T16:00:12","slug":"con-musica-y-convivencia-ale-rojo-de-la-vega-celebra-a-adultos-mayores-de-cuauhtemoc","status":"publish","type":"post","link":"https:\/\/pulsociudadano.network\/index.php\/2026\/08\/31\/con-musica-y-convivencia-ale-rojo-de-la-vega-celebra-a-adultos-mayores-de-cuauhtemoc\/","title":{"rendered":"CON M\u00daSICA Y CONVIVENCIA, ALE ROJO DE LA VEGA CELEBRA A ADULTOS MAYORES DE CUAUHT\u00c9MOC"},"content":{"rendered":"_* M\u00e1s de 400 adultos mayores se dieron cita a la celebraci\u00f3n en el Parque L\u00e1zaro C\u00e1rdenas._<br \/>_* Con m\u00e1s de 100 actividades semanales para ellos, la alcaldesa refrenda su compromiso con los adultos mayores._<br \/><br \/><br \/>En el marco del d\u00eda del adulto y adulta mayor, la alcaldesa Alessandra Rojo de la Vega, convivi\u00f3 con m\u00e1s de 400 adultos mayores que asistieron a una celebraci\u00f3n en el parque L\u00e1zaro C\u00e1rdenas de la colonia Doctores. <br \/><br \/>La alcaldesa, acompa\u00f1ada de su equipo de la Direcci\u00f3n General de Desarrollo Social, agradeci\u00f3 la aportaci\u00f3n a la sociedad de los adultos mayores en la demarcaci\u00f3n y les ofreci\u00f3 una celebraci\u00f3n con pastel y con la participaci\u00f3n de \u201cFelipe Urban y su danzonera\u201d, entre otras actividades.  <br \/><br \/>\u201cUstedes deben de dejar en nuestras manos su tranquilidad, seguirnos ense\u00f1ando desde su experiencia, desde el amor que nos dan, y nuestra obligaci\u00f3n como gobierno, es demostrar con hechos que nos importan\u201d expres\u00f3 Ale Rojo durante su mensaje. <br \/><br \/>Muestra de ello, afirm\u00f3, es que a trav\u00e9s del Centro de Atenci\u00f3n y Desarrollo del Adulto Mayor (CADAM), actualmente hay casi 100 actividades semanales para quienes acuden a este centro diariamente.<br \/><br \/>Desde la administraci\u00f3n de la alcaldesa Ale Rojo de la Vega, extendemos una felicitaci\u00f3n para todas y todos los adultos mayores, refrendando nuestro compromiso por seguir velando por las vecinas y vecinos de esta demarcaci\u00f3n.","protected":false},"excerpt":{"rendered":"<p>_* M\u00e1s de 400 adultos mayores se dieron cita a la celebraci\u00f3n en el Parque L\u00e1zaro C\u00e1rdenas.__* Con m\u00e1s de 100 actividades semanales para ellos, la alcaldesa refrenda su compromiso con los adultos mayores._ En el marco del d\u00eda del adulto y adulta mayor, la alcaldesa Alessandra Rojo de la Vega, convivi\u00f3 con m\u00e1s de [&hellip;]<\/p>\n","protected":false},"author":6,"featured_media":3752,"comment_status":"open","ping_status":"open","sticky":false,"template":"","format":"standard","meta":{"footnotes":""},"categories":[1],"tags":[],"ppma_author":[43],"class_list":["post-3748","post","type-post","status-publish","format-standard","has-post-thumbnail","hentry","category-blog"],"authors":[{"term_id":43,"user_id":6,"is_guest":0,"slug":"staff","display_name":"STAFF","avatar_url":{"url":"https:\/\/pulsociudadano.network\/wp-content\/uploads\/2023\/11\/cropped-301392363_529368922396272_1685931149298827625_n-1.jpg","url2x":"https:\/\/pulsociudadano.network\/wp-content\/uploads\/2023\/11\/cropped-301392363_529368922396272_1685931149298827625_n-1.jpg"},"author_category":"1","user_url":"","last_name":"Arrieta","first_name":"STAFF","job_title":"","description":""}],"_links":{"self":[{"href":"https:\/\/pulsociudadano.network\/index.php\/wp-json\/wp\/v2\/posts\/3748","targetHints":{"allow":["GET"]}}],"collection":[{"href":"https:\/\/pulsociudadano.network\/index.php\/wp-json\/wp\/v2\/posts"}],"about":[{"href":"https:\/\/pulsociudadano.network\/index.php\/wp-json\/wp\/v2\/types\/post"}],"author":[{"embeddable":true,"href":"https:\/\/pulsociudadano.network\/index.php\/wp-json\/wp\/v2\/users\/6"}],"replies":[{"embeddable":true,"href":"https:\/\/pulsociudadano.network\/index.php\/wp-json\/wp\/v2\/comments?post=3748"}],"version-history":[{"count":1,"href":"https:\/\/pulsociudadano.network\/index.php\/wp-json\/wp\/v2\/posts\/3748\/revisions"}],"predecessor-version":[{"id":3750,"href":"https:\/\/pulsociudadano.network\/index.php\/wp-json\/wp\/v2\/posts\/3748\/revisions\/3750"}],"wp:featuredmedia":[{"embeddable":true,"href":"https:\/\/pulsociudadano.network\/index.php\/wp-json\/wp\/v2\/media\/3752"}],"wp:attachment":[{"href":"https:\/\/pulsociudadano.network\/index.php\/wp-json\/wp\/v2\/media?parent=3748"}],"wp:term":[{"taxonomy":"category","embeddable":true,"href":"https:\/\/pulsociudadano.network\/index.php\/wp-json\/wp\/v2\/categories?post=3748"},{"taxonomy":"post_tag","embeddable":true,"href":"https:\/\/pulsociudadano.network\/index.php\/wp-json\/wp\/v2\/tags?post=3748"},{"taxonomy":"author","embeddable":true,"href":"https:\/\/pulsociudadano.network\/index.php\/wp-json\/wp\/v2\/ppma_author?post=3748"}],"curies":[{"name":"wp","href":"https:\/\/api.w.org\/{rel}","templated":true}]}}