{"id":3009,"date":"2026-04-28T12:05:26","date_gmt":"2026-04-28T18:05:26","guid":{"rendered":"https:\/\/pulsociudadano.network\/?p=3009"},"modified":"2026-04-28T12:05:26","modified_gmt":"2026-04-28T18:05:26","slug":"detencion-en-la-colonia-buenavista-refuerza-resultados-de-la-coordinacion-en-seguridad-en-cuauhtemoc","status":"publish","type":"post","link":"https:\/\/pulsociudadano.network\/index.php\/2026\/04\/28\/detencion-en-la-colonia-buenavista-refuerza-resultados-de-la-coordinacion-en-seguridad-en-cuauhtemoc\/","title":{"rendered":"DETENCI\u00d3N EN LA COLONIA BUENAVISTA REFUERZA RESULTADOS DE LA COORDINACI\u00d3N EN SEGURIDAD EN CUAUHT\u00c9MOC"},"content":{"rendered":"\n<p><br><br><br>Como resultado de la coordinaci\u00f3n en materia de seguridad instruido por la alcaldesa Alessandra Rojo de la Vega, la Secretar\u00eda de Seguridad Ciudadana (SSC) de la Ciudad de M\u00e9xico logr\u00f3 la detenci\u00f3n de un hombre en la colonia Buenavista, se\u00f1alado por su posible relaci\u00f3n con la agresi\u00f3n con arma de fuego contra una patrulla de la Polic\u00eda Auxiliar de la demarcaci\u00f3n en 2025.<br><br>De acuerdo con la informaci\u00f3n oficial, el sujeto fue detenido tras la atenci\u00f3n a una denuncia por asalto a transe\u00fante y, derivado de labores de inteligencia, se identific\u00f3 su posible v\u00ednculo con el ataque ocurrido el 22 de junio de 2025, cuando una unidad utilizada por el jefe de la Polic\u00eda Auxiliar en la Alcald\u00eda Cuauht\u00e9moc recibi\u00f3 disparos al momento de arribar al edificio sede de la demarcaci\u00f3n.<br><br>Este caso tuvo seguimiento en coordinaci\u00f3n con la Direcci\u00f3n General de Seguridad Ciudadana, como parte del trabajo conjunto que forma parte de la estrategia en la materia instruida por Ale Rojo de la Vega.<br><br>Ante estos hechos, la Alcald\u00eda Cuauht\u00e9moc hace un llamado a la Fiscal\u00eda General de Justicia de la Ciudad de M\u00e9xico para profundizar en la investigaci\u00f3n y esclarecer el ataque, sin descartar ninguna l\u00ednea, dada la gravedad de la agresi\u00f3n registrada en su momento.<\/p>\n\n\n\n<p><\/p>\n","protected":false},"excerpt":{"rendered":"<p>Como resultado de la coordinaci\u00f3n en materia de seguridad instruido por la alcaldesa Alessandra Rojo de la Vega, la Secretar\u00eda de Seguridad Ciudadana (SSC) de la Ciudad de M\u00e9xico logr\u00f3 la detenci\u00f3n de un hombre en la colonia Buenavista, se\u00f1alado por su posible relaci\u00f3n con la agresi\u00f3n con arma de fuego contra una patrulla de [&hellip;]<\/p>\n","protected":false},"author":6,"featured_media":0,"comment_status":"open","ping_status":"open","sticky":false,"template":"","format":"standard","meta":{"footnotes":""},"categories":[1],"tags":[],"ppma_author":[43],"class_list":["post-3009","post","type-post","status-publish","format-standard","hentry","category-blog"],"authors":[{"term_id":43,"user_id":6,"is_guest":0,"slug":"staff","display_name":"STAFF","avatar_url":{"url":"https:\/\/pulsociudadano.network\/wp-content\/uploads\/2023\/11\/cropped-301392363_529368922396272_1685931149298827625_n-1.jpg","url2x":"https:\/\/pulsociudadano.network\/wp-content\/uploads\/2023\/11\/cropped-301392363_529368922396272_1685931149298827625_n-1.jpg"},"0":null,"1":"","2":"","3":"","4":"","5":"","6":"","7":"","8":""}],"_links":{"self":[{"href":"https:\/\/pulsociudadano.network\/index.php\/wp-json\/wp\/v2\/posts\/3009","targetHints":{"allow":["GET"]}}],"collection":[{"href":"https:\/\/pulsociudadano.network\/index.php\/wp-json\/wp\/v2\/posts"}],"about":[{"href":"https:\/\/pulsociudadano.network\/index.php\/wp-json\/wp\/v2\/types\/post"}],"author":[{"embeddable":true,"href":"https:\/\/pulsociudadano.network\/index.php\/wp-json\/wp\/v2\/users\/6"}],"replies":[{"embeddable":true,"href":"https:\/\/pulsociudadano.network\/index.php\/wp-json\/wp\/v2\/comments?post=3009"}],"version-history":[{"count":2,"href":"https:\/\/pulsociudadano.network\/index.php\/wp-json\/wp\/v2\/posts\/3009\/revisions"}],"predecessor-version":[{"id":3013,"href":"https:\/\/pulsociudadano.network\/index.php\/wp-json\/wp\/v2\/posts\/3009\/revisions\/3013"}],"wp:attachment":[{"href":"https:\/\/pulsociudadano.network\/index.php\/wp-json\/wp\/v2\/media?parent=3009"}],"wp:term":[{"taxonomy":"category","embeddable":true,"href":"https:\/\/pulsociudadano.network\/index.php\/wp-json\/wp\/v2\/categories?post=3009"},{"taxonomy":"post_tag","embeddable":true,"href":"https:\/\/pulsociudadano.network\/index.php\/wp-json\/wp\/v2\/tags?post=3009"},{"taxonomy":"author","embeddable":true,"href":"https:\/\/pulsociudadano.network\/index.php\/wp-json\/wp\/v2\/ppma_author?post=3009"}],"curies":[{"name":"wp","href":"https:\/\/api.w.org\/{rel}","templated":true}]}}