{"id":3000,"date":"2026-04-28T11:41:04","date_gmt":"2026-04-28T17:41:04","guid":{"rendered":"https:\/\/pulsociudadano.network\/?p=3000"},"modified":"2026-04-28T11:41:04","modified_gmt":"2026-04-28T17:41:04","slug":"alcaldia-cuauhtemoc-capacita-a-brigadas-que-atienden-a-personas-en-situacion-de-calle","status":"publish","type":"post","link":"https:\/\/pulsociudadano.network\/index.php\/2026\/04\/28\/alcaldia-cuauhtemoc-capacita-a-brigadas-que-atienden-a-personas-en-situacion-de-calle\/","title":{"rendered":"ALCALD\u00cdA CUAUHT\u00c9MOC CAPACITA A BRIGADAS QUE ATIENDEN A PERSONAS EN SITUACI\u00d3N DE CALLE"},"content":{"rendered":"<br \/><br \/>_* 45 servidores p\u00fablicos de distintas \u00e1reas participan en estas jornadas._<br \/>_* Buscan mejorar la atenci\u00f3n en recorridos que se realizan cada semana en la demarcaci\u00f3n._<br \/><br \/><br \/>Atendiendo instrucciones de la alcaldesa Alessandra Rojo de la Vega, la Alcald\u00eda Cuauht\u00e9moc arranc\u00f3 la capacitaci\u00f3n para 45 servidores p\u00fablicos que forman parte de las brigadas de sensibilizaci\u00f3n e higiene, las cuales recorren semanalmente distintos puntos de la demarcaci\u00f3n para atender a personas en situaci\u00f3n de calle.<br \/><br \/>En estas brigadas participan \u00e1reas como Desarrollo Social, Participaci\u00f3n Ciudadana, Seguridad Ciudadana, Protecci\u00f3n Civil, Servicios Urbanos y Servicios M\u00e9dicos, que trabajan directamente en los puntos donde vecinas y vecinos reportan esta problem\u00e1tica.<br \/><br \/>La capacitaci\u00f3n es impartida por personal de la Comisi\u00f3n de Derechos Humanos de la Ciudad de M\u00e9xico y contar\u00e1 tambi\u00e9n con la participaci\u00f3n del Instituto de Atenci\u00f3n a Poblaciones Prioritarias (IAPP) y juzgados c\u00edvicos, con el objetivo de dar herramientas claras a quienes est\u00e1n en campo.<br \/><br \/>Durante las sesiones se abordan temas que impactan directamente en la actuaci\u00f3n diaria de las brigadas, como infracciones y faltas c\u00edvicas, prevenci\u00f3n de delitos, atenci\u00f3n a grupos prioritarios y derechos humanos. Tambi\u00e9n se revisan aspectos pr\u00e1cticos: qu\u00e9 puede y qu\u00e9 no puede hacer la autoridad en v\u00eda p\u00fablica, c\u00f3mo actuar ante una detenci\u00f3n, qu\u00e9 derechos tienen las personas y c\u00f3mo evitar vulnerarlos.<br \/><br \/>Adem\u00e1s, se explican los tipos de sanciones contempladas en la Ley de Cultura C\u00edvica \u2014amonestaciones, trabajo comunitario, multas o arrestos\u2014, as\u00ed como el funcionamiento de los juzgados c\u00edvicos y los servicios que ofrecen, para que las brigadas sepan c\u00f3mo canalizar correctamente cada caso.<br \/><br \/>De acuerdo con la alcaldesa Ale Rojo de la Vega, estas acciones buscan ordenar la intervenci\u00f3n en la v\u00eda p\u00fablica: atender a personas en situaci\u00f3n de calle con un enfoque m\u00e1s humano, pero tambi\u00e9n dar respuesta a las y los vecinos en temas de limpieza, seguridad y recuperaci\u00f3n del espacio p\u00fablico.","protected":false},"excerpt":{"rendered":"<p>_* 45 servidores p\u00fablicos de distintas \u00e1reas participan en estas jornadas.__* Buscan mejorar la atenci\u00f3n en recorridos que se realizan cada semana en la demarcaci\u00f3n._ Atendiendo instrucciones de la alcaldesa Alessandra Rojo de la Vega, la Alcald\u00eda Cuauht\u00e9moc arranc\u00f3 la capacitaci\u00f3n para 45 servidores p\u00fablicos que forman parte de las brigadas de sensibilizaci\u00f3n e higiene, [&hellip;]<\/p>\n","protected":false},"author":6,"featured_media":3004,"comment_status":"open","ping_status":"open","sticky":false,"template":"","format":"standard","meta":{"footnotes":""},"categories":[1],"tags":[],"ppma_author":[43],"class_list":["post-3000","post","type-post","status-publish","format-standard","has-post-thumbnail","hentry","category-blog"],"authors":[{"term_id":43,"user_id":6,"is_guest":0,"slug":"staff","display_name":"STAFF","avatar_url":{"url":"https:\/\/pulsociudadano.network\/wp-content\/uploads\/2023\/11\/cropped-301392363_529368922396272_1685931149298827625_n-1.jpg","url2x":"https:\/\/pulsociudadano.network\/wp-content\/uploads\/2023\/11\/cropped-301392363_529368922396272_1685931149298827625_n-1.jpg"},"0":null,"1":"","2":"","3":"","4":"","5":"","6":"","7":"","8":""}],"_links":{"self":[{"href":"https:\/\/pulsociudadano.network\/index.php\/wp-json\/wp\/v2\/posts\/3000","targetHints":{"allow":["GET"]}}],"collection":[{"href":"https:\/\/pulsociudadano.network\/index.php\/wp-json\/wp\/v2\/posts"}],"about":[{"href":"https:\/\/pulsociudadano.network\/index.php\/wp-json\/wp\/v2\/types\/post"}],"author":[{"embeddable":true,"href":"https:\/\/pulsociudadano.network\/index.php\/wp-json\/wp\/v2\/users\/6"}],"replies":[{"embeddable":true,"href":"https:\/\/pulsociudadano.network\/index.php\/wp-json\/wp\/v2\/comments?post=3000"}],"version-history":[{"count":1,"href":"https:\/\/pulsociudadano.network\/index.php\/wp-json\/wp\/v2\/posts\/3000\/revisions"}],"predecessor-version":[{"id":3002,"href":"https:\/\/pulsociudadano.network\/index.php\/wp-json\/wp\/v2\/posts\/3000\/revisions\/3002"}],"wp:featuredmedia":[{"embeddable":true,"href":"https:\/\/pulsociudadano.network\/index.php\/wp-json\/wp\/v2\/media\/3004"}],"wp:attachment":[{"href":"https:\/\/pulsociudadano.network\/index.php\/wp-json\/wp\/v2\/media?parent=3000"}],"wp:term":[{"taxonomy":"category","embeddable":true,"href":"https:\/\/pulsociudadano.network\/index.php\/wp-json\/wp\/v2\/categories?post=3000"},{"taxonomy":"post_tag","embeddable":true,"href":"https:\/\/pulsociudadano.network\/index.php\/wp-json\/wp\/v2\/tags?post=3000"},{"taxonomy":"author","embeddable":true,"href":"https:\/\/pulsociudadano.network\/index.php\/wp-json\/wp\/v2\/ppma_author?post=3000"}],"curies":[{"name":"wp","href":"https:\/\/api.w.org\/{rel}","templated":true}]}}