{"id":2774,"date":"2026-03-12T13:10:19","date_gmt":"2026-03-12T19:10:19","guid":{"rendered":"https:\/\/pulsociudadano.network\/?p=2774"},"modified":"2026-03-12T13:10:19","modified_gmt":"2026-03-12T19:10:19","slug":"exigimos-se-apliquen-las-sanciones-necesarias-contra-manuel-pedrero-por-violencia-politica-de-genero-pri","status":"publish","type":"post","link":"https:\/\/pulsociudadano.network\/index.php\/2026\/03\/12\/exigimos-se-apliquen-las-sanciones-necesarias-contra-manuel-pedrero-por-violencia-politica-de-genero-pri\/","title":{"rendered":"EXIGIMOS SE APLIQUEN LAS SANCIONES NECESARIAS CONTRA MANUEL PEDRERO POR VIOLENCIA POL\u00cdTICA DE G\u00c9NERO: PRI"},"content":{"rendered":"<br \/><br \/>\u2022 El Presidente del CEN del PRI, Alejandro Moreno, puntualiz\u00f3 que la violencia pol\u00edtica de g\u00e9nero no puede normalizarse bajo ninguna circunstancia.<br \/><br \/>\u2022 Asegur\u00f3 que \u201cas\u00ed act\u00faa Morena frente a las mujeres. Vulneran sus derechos, las descalifican, las minimizan y las callan cuando piensan distinto\u201d.<br \/><br \/>El Comit\u00e9 Ejecutivo Nacional (CEN) del Partido Revolucionario Institucional (PRI), encabezado por su Presidente, Alejandro Moreno, exigi\u00f3 a las autoridades competentes la aplicaci\u00f3n de las sanciones que sean necesarias a Manuel Pedrero, quien como vocero de Morena en un programa de radio ejerci\u00f3 violencia pol\u00edtica de g\u00e9nero en contra de Tania Larios, diputada local y Secretaria General de este instituto pol\u00edtico en la ciudad de M\u00e9xico.<br \/><br \/>Despu\u00e9s de expresar su total solidaridad con la legisladora priista, el senador y dirigente nacional del PRI, Alejandro Moreno, advirti\u00f3 que la violencia pol\u00edtica de g\u00e9nero no puede normalizarse bajo ninguna circunstancia.<br \/><br \/>En un mensaje publicado en sus redes sociales, sostuvo que pretender instalar la idea de que una mujer en pol\u00edtica act\u00faa por instrucci\u00f3n de un hombre o que no tiene voz propia es despojarla de su autonom\u00eda y desacreditar su participaci\u00f3n p\u00fablica.<br \/><br \/>\u201cAs\u00ed act\u00faa Morena frente a las mujeres. Vulneran sus derechos, las descalifican, las minimizan y las callan cuando piensan distinto. Decirle a una mujer que no se le permite hablar es violencia y no puede justificarse bajo ning\u00fan argumento\u201d, puntualiz\u00f3 el Presidente Alejandro Moreno.<br \/>Sobre el incidente, Tania Larios expuso que en el espacio de debate radiof\u00f3nico conducido por Juan Becerra Acosta, en Radio F\u00f3rmula, el vocero de Morena, Manuel Pedrero, \u201cafirm\u00f3 que a m\u00ed me manda un hombre y me prohibi\u00f3 hablar p\u00fablicamente frente a un micr\u00f3fono nacional. Eso es violencia pol\u00edtica de g\u00e9nero. Justo a d\u00edas del #8M\u201d.<br \/><br \/>Dijo que \u201casegurar que no tengo voz propia y que alguien me dice qu\u00e9 decir es machismo puro. Es misoginia. Es la vieja idea de que las mujeres en pol\u00edtica estamos porque un hombre nos puso ah\u00ed\u201d.<br \/><br \/>Dej\u00f3 en claro que \u201ca m\u00ed nadie me manda. Tengo voz, convicciones y la capacidad para debatirle a quien sea de frente\u201d.<br \/><br \/>En ese marco, el Presidente del CEN del PRI destac\u00f3 que Tania Larios tiene trayectoria, preparaci\u00f3n y car\u00e1cter de sobra para sostener sus ideas frente a quien sea\u201d.<br \/><br \/>Adem\u00e1s, se\u00f1al\u00f3 que \u201clas mujeres merecen garant\u00edas plenas para ejercer sus derechos, no ataques ni descalificaciones que buscan disminuirlas\u201d.","protected":false},"excerpt":{"rendered":"<p>\u2022 El Presidente del CEN del PRI, Alejandro Moreno, puntualiz\u00f3 que la violencia pol\u00edtica de g\u00e9nero no puede normalizarse bajo ninguna circunstancia. \u2022 Asegur\u00f3 que \u201cas\u00ed act\u00faa Morena frente a las mujeres. Vulneran sus derechos, las descalifican, las minimizan y las callan cuando piensan distinto\u201d. El Comit\u00e9 Ejecutivo Nacional (CEN) del Partido Revolucionario Institucional (PRI), [&hellip;]<\/p>\n","protected":false},"author":6,"featured_media":2778,"comment_status":"open","ping_status":"open","sticky":false,"template":"","format":"standard","meta":{"footnotes":""},"categories":[1],"tags":[],"ppma_author":[43],"class_list":["post-2774","post","type-post","status-publish","format-standard","has-post-thumbnail","hentry","category-blog"],"authors":[{"term_id":43,"user_id":6,"is_guest":0,"slug":"staff","display_name":"STAFF","avatar_url":{"url":"https:\/\/pulsociudadano.network\/wp-content\/uploads\/2023\/11\/cropped-301392363_529368922396272_1685931149298827625_n-1.jpg","url2x":"https:\/\/pulsociudadano.network\/wp-content\/uploads\/2023\/11\/cropped-301392363_529368922396272_1685931149298827625_n-1.jpg"},"0":null,"1":"","2":"","3":"","4":"","5":"","6":"","7":"","8":""}],"_links":{"self":[{"href":"https:\/\/pulsociudadano.network\/index.php\/wp-json\/wp\/v2\/posts\/2774","targetHints":{"allow":["GET"]}}],"collection":[{"href":"https:\/\/pulsociudadano.network\/index.php\/wp-json\/wp\/v2\/posts"}],"about":[{"href":"https:\/\/pulsociudadano.network\/index.php\/wp-json\/wp\/v2\/types\/post"}],"author":[{"embeddable":true,"href":"https:\/\/pulsociudadano.network\/index.php\/wp-json\/wp\/v2\/users\/6"}],"replies":[{"embeddable":true,"href":"https:\/\/pulsociudadano.network\/index.php\/wp-json\/wp\/v2\/comments?post=2774"}],"version-history":[{"count":1,"href":"https:\/\/pulsociudadano.network\/index.php\/wp-json\/wp\/v2\/posts\/2774\/revisions"}],"predecessor-version":[{"id":2776,"href":"https:\/\/pulsociudadano.network\/index.php\/wp-json\/wp\/v2\/posts\/2774\/revisions\/2776"}],"wp:featuredmedia":[{"embeddable":true,"href":"https:\/\/pulsociudadano.network\/index.php\/wp-json\/wp\/v2\/media\/2778"}],"wp:attachment":[{"href":"https:\/\/pulsociudadano.network\/index.php\/wp-json\/wp\/v2\/media?parent=2774"}],"wp:term":[{"taxonomy":"category","embeddable":true,"href":"https:\/\/pulsociudadano.network\/index.php\/wp-json\/wp\/v2\/categories?post=2774"},{"taxonomy":"post_tag","embeddable":true,"href":"https:\/\/pulsociudadano.network\/index.php\/wp-json\/wp\/v2\/tags?post=2774"},{"taxonomy":"author","embeddable":true,"href":"https:\/\/pulsociudadano.network\/index.php\/wp-json\/wp\/v2\/ppma_author?post=2774"}],"curies":[{"name":"wp","href":"https:\/\/api.w.org\/{rel}","templated":true}]}}