{"id":2771,"date":"2026-03-12T13:08:49","date_gmt":"2026-03-12T19:08:49","guid":{"rendered":"https:\/\/pulsociudadano.network\/?p=2771"},"modified":"2026-03-12T13:08:50","modified_gmt":"2026-03-12T19:08:50","slug":"hoy-y-siempre-los-priistas-elegimos-estar-al-lado-de-mexico-alejandro-moreno","status":"publish","type":"post","link":"https:\/\/pulsociudadano.network\/index.php\/2026\/03\/12\/hoy-y-siempre-los-priistas-elegimos-estar-al-lado-de-mexico-alejandro-moreno\/","title":{"rendered":"HOY Y SIEMPRE, LOS PRIISTAS ELEGIMOS ESTAR AL LADO DE M\u00c9XICO: ALEJANDRO MORENO"},"content":{"rendered":"<br \/>\u2022 En el 97 aniversario del partido, el Presidente del CEN del tricolor dijo que los senadores y diputados federales priistas cerraron filas para votar en unidad en contra de la reforma electoral, conocida como Ley Maduro.<br \/><br \/>\u2022 Dio a conocer que despu\u00e9s de las elecciones del 2027 se realizar\u00e1 la pr\u00f3xima Asamblea Nacional del PRI.<br \/><br \/>El Presidente del Comit\u00e9 Ejecutivo Nacional (CEN) del Partido Revolucionario Institucional (PRI), afirm\u00f3 que en el Congreso de la Uni\u00f3n, los senadores y diputados priistas han cerrado filas, como siempre, en defensa de la Patria, en defensa de M\u00e9xico, y votar\u00e1n en contra \u201cde esa locura de reforma electoral que ha presentado el partido pol\u00edtico corrupto de Morena\u201d, y anunci\u00f3 que le dir\u00e1n \u201cno a la Ley Maduro\u201d.<br \/>Argument\u00f3 que, hoy, \u201co estamos del lado de M\u00e9xico o estamos con Morena. Y lo decimos fuerte y claro: las y los priistas elegimos, hoy y siempre, estar del lado de M\u00e9xico\u201d.<br \/><br \/>Al mismo tiempo, hizo un llamado a todos los opositores y a los que hoy est\u00e1n de aliados en el gobierno que han externado su repudio a esa iniciativa, a que \u201cvayamos juntos a construir un gran entendimiento alterno, un di\u00e1logo a fin de salvar a la Rep\u00fablica\u201d.<br \/>En su mensaje en el marco de la sesi\u00f3n solemne del Consejo Pol\u00edtico Nacional (CPN) con motivo del 97 aniversario del partido, en el auditorio \u201cPlutarco El\u00edas Calles\u201d de la sede del PRI, advirti\u00f3 que con esa iniciativa buscan destruir la democracia, debilitar y acabar al \u00e1rbitro electoral, y destruir y tratar de desaparecer a la oposici\u00f3n.<br \/><br \/>Dijo que lo que est\u00e1 en juego rumbo a la elecci\u00f3n del 2027 no s\u00f3lo son las posiciones pol\u00edticas. \u201cEstamos hablando de si M\u00e9xico seguir\u00e1 por la ruta de la destrucci\u00f3n o si recuperamos el camino del orden, de la tranquilidad y del bienestar para las familias mexicanas\u201d, expuso.<br \/>\u201cPor eso\u201d, agreg\u00f3 el senador y dirigente nacional del PRI, \u201chacemos este llamado y por ello hay que construir juntos, hay que construir alianzas, coaliciones, unir a todas las fuerzas democr\u00e1ticas\u201d, aunque precis\u00f3 que, si la circunstancia lo amerita, \u201ctambi\u00e9n tenemos la fuerza, el \u00e1nimo y la decisi\u00f3n para ir solos como partido y ganar las elecciones con identidad, firmes y sin miedo\u201d.<br \/><br \/>Acompa\u00f1ado por la Secretaria General del partido, Carolina Viggiano; los coordinadores parlamentarios en la C\u00e1mara de Diputados y el Senado, Rub\u00e9n Moreira y Manuel A\u00f1orve, as\u00ed como los integrantes del CEN y los dirigentes del instituto pol\u00edtico en los estados, el l\u00edder nacional inform\u00f3 que el PRI llevar\u00e1 a cabo su pr\u00f3xima Asamblea Nacional despu\u00e9s de las elecciones del 2027, para impulsar los cambios internos para constituirse como el partido competitivo que hoy requieren los nuevos tiempos.<br \/><br \/>\u201cAlgunos de esos cambios los hemos impulsado, pero ha llegado el momento de ordenarlos y concretar aquellos necesarios en el marco de una visi\u00f3n cr\u00edtica integral\u201d, indic\u00f3.<br \/><br \/>Ante alcaldes del PRI y del gobernador de Durango, Esteban Villegas Villarreal, as\u00ed como de los ex dirigentes nacionales C\u00e9sar Camacho y Jorge de la Vega Dom\u00ednguez, el Presidente Alejandro Moreno asegur\u00f3 que el PRI ha sido el partido de los grandes acuerdos que ha requerido M\u00e9xico, y destac\u00f3 que el partido siempre ha estado ah\u00ed para consolidar la transici\u00f3n y el proceso pol\u00edtico democr\u00e1tico.<br \/><br \/>Por ello, dej\u00f3 en claro que \u201cno vamos a ser c\u00f3mplices de un atropello a la democracia\u201d, con la reforma electoral del gobierno de Morena.<br \/>\u201cAqu\u00ed est\u00e1 la oposici\u00f3n. Aqu\u00ed est\u00e1 el PRI. Aqu\u00ed estamos listos para defender a M\u00e9xico, sin simulaci\u00f3n, con determinaci\u00f3n, con la Constituci\u00f3n en la mano y con la raz\u00f3n. Jam\u00e1s vamos a avalar que quieran capturar y controlar las elecciones\u201d, sostuvo.<br \/><br \/>Adem\u00e1s, se\u00f1al\u00f3 que \u201cno vamos a permitir que se juegue con el derecho de las familias mexicanas y que ellas puedan decidir su futuro. No vamos a solapar que los c\u00e1rteles del crimen organizado sigan imponiendo candidaturas y patrocinando las campa\u00f1as pol\u00edticas de estos c\u00ednicos y corruptos de Morena\u201d.<br \/><br \/>Puntualiz\u00f3 que \u201cdefender la democracia hoy es defender la libertad del ma\u00f1ana, como nunca\u201d, porque \u201ccomo nunca est\u00e1 en juego nuestro r\u00e9gimen republicano y democr\u00e1tico\u201d.<br \/><br \/>Durante la sesi\u00f3n solemne del Consejo Pol\u00edtico Nacional, que fue conducida por el Secretario T\u00e9cnico, Pablo Angulo, el Presidente Alejandro Moreno entreg\u00f3 reconocimientos a militantes distinguidos. Entre ellos, entreg\u00f3 la Presea Benito Ju\u00e1rez al M\u00e9rito Republicano a Mely Romero Celis; la Presea Plutarco El\u00edas Calles al M\u00e9rito Revolucionario a Mar\u00eda Mart\u00ednez Rivera; la Presea General L\u00e1zaro C\u00e1rdenas del R\u00edo al M\u00e9rito Democr\u00e1tico a Mar\u00eda del Roc\u00edo Toxqui Oropeza; la Presea Luis Donaldo Colosio al M\u00e9rito Militante a Jos\u00e9 Luis Soberanes Reyes.<br \/><br \/>Asimismo, entreg\u00f3 la Presea Jes\u00fas Reyes Heroles a la Labor Ideol\u00f3gica a V\u00edctor Samuel Palma C\u00e9sar; el reconocimiento al M\u00e9rito del Militante Juvenil a C\u00e9sar Garza Arredondo; la Presea C\u00e9sar Ch\u00e1vez al M\u00e9rito de los Trabajadores en el Exterior a Mar\u00eda de los \u00c1ngeles Medina, la del M\u00e9rito de la Lucha Femenil Priista -Post Mortem- a Elda G\u00f3mez Lugo, y el reconocimiento Valores PRI, por practicar los valores sociales, a Jos\u00e9 \u00c1ngel Gurr\u00eda Trevi\u00f1o.","protected":false},"excerpt":{"rendered":"<p>\u2022 En el 97 aniversario del partido, el Presidente del CEN del tricolor dijo que los senadores y diputados federales priistas cerraron filas para votar en unidad en contra de la reforma electoral, conocida como Ley Maduro. \u2022 Dio a conocer que despu\u00e9s de las elecciones del 2027 se realizar\u00e1 la pr\u00f3xima Asamblea Nacional del [&hellip;]<\/p>\n","protected":false},"author":6,"featured_media":2775,"comment_status":"open","ping_status":"open","sticky":false,"template":"","format":"standard","meta":{"footnotes":""},"categories":[1],"tags":[],"ppma_author":[43],"class_list":["post-2771","post","type-post","status-publish","format-standard","has-post-thumbnail","hentry","category-blog"],"authors":[{"term_id":43,"user_id":6,"is_guest":0,"slug":"staff","display_name":"STAFF","avatar_url":{"url":"https:\/\/pulsociudadano.network\/wp-content\/uploads\/2023\/11\/cropped-301392363_529368922396272_1685931149298827625_n-1.jpg","url2x":"https:\/\/pulsociudadano.network\/wp-content\/uploads\/2023\/11\/cropped-301392363_529368922396272_1685931149298827625_n-1.jpg"},"0":null,"1":"","2":"","3":"","4":"","5":"","6":"","7":"","8":""}],"_links":{"self":[{"href":"https:\/\/pulsociudadano.network\/index.php\/wp-json\/wp\/v2\/posts\/2771","targetHints":{"allow":["GET"]}}],"collection":[{"href":"https:\/\/pulsociudadano.network\/index.php\/wp-json\/wp\/v2\/posts"}],"about":[{"href":"https:\/\/pulsociudadano.network\/index.php\/wp-json\/wp\/v2\/types\/post"}],"author":[{"embeddable":true,"href":"https:\/\/pulsociudadano.network\/index.php\/wp-json\/wp\/v2\/users\/6"}],"replies":[{"embeddable":true,"href":"https:\/\/pulsociudadano.network\/index.php\/wp-json\/wp\/v2\/comments?post=2771"}],"version-history":[{"count":1,"href":"https:\/\/pulsociudadano.network\/index.php\/wp-json\/wp\/v2\/posts\/2771\/revisions"}],"predecessor-version":[{"id":2773,"href":"https:\/\/pulsociudadano.network\/index.php\/wp-json\/wp\/v2\/posts\/2771\/revisions\/2773"}],"wp:featuredmedia":[{"embeddable":true,"href":"https:\/\/pulsociudadano.network\/index.php\/wp-json\/wp\/v2\/media\/2775"}],"wp:attachment":[{"href":"https:\/\/pulsociudadano.network\/index.php\/wp-json\/wp\/v2\/media?parent=2771"}],"wp:term":[{"taxonomy":"category","embeddable":true,"href":"https:\/\/pulsociudadano.network\/index.php\/wp-json\/wp\/v2\/categories?post=2771"},{"taxonomy":"post_tag","embeddable":true,"href":"https:\/\/pulsociudadano.network\/index.php\/wp-json\/wp\/v2\/tags?post=2771"},{"taxonomy":"author","embeddable":true,"href":"https:\/\/pulsociudadano.network\/index.php\/wp-json\/wp\/v2\/ppma_author?post=2771"}],"curies":[{"name":"wp","href":"https:\/\/api.w.org\/{rel}","templated":true}]}}