{"id":2762,"date":"2026-03-12T13:04:41","date_gmt":"2026-03-12T19:04:41","guid":{"rendered":"https:\/\/pulsociudadano.network\/?p=2762"},"modified":"2026-03-12T13:04:42","modified_gmt":"2026-03-12T19:04:42","slug":"cuauhtemoc-retira-campamento-desde-donde-agredian-a-automovilistas-en-circuito-interior-ale-rojo-de-la-vega-pide-corresponsabilidad-al-gobierno-central","status":"publish","type":"post","link":"https:\/\/pulsociudadano.network\/index.php\/2026\/03\/12\/cuauhtemoc-retira-campamento-desde-donde-agredian-a-automovilistas-en-circuito-interior-ale-rojo-de-la-vega-pide-corresponsabilidad-al-gobierno-central\/","title":{"rendered":"CUAUHT\u00c9MOC RETIRA CAMPAMENTO DESDE DONDE AGRED\u00cdAN A AUTOMOVILISTAS EN CIRCUITO INTERIOR; ALE ROJO DE LA VEGA PIDE CORRESPONSABILIDAD AL GOBIERNO CENTRAL"},"content":{"rendered":"<br \/><br \/>_* Las agresiones con piedras contra automovilistas hab\u00edan sido reportadas por vecinos y conductores que circulan por la zona._<br \/>_* La alcald\u00eda ha solicitado apoyo institucional para atender de fondo la problem\u00e1tica._<br \/><br \/><br \/>La Alcald\u00eda Cuauht\u00e9moc retir\u00f3 un campamento ubicado en las inmediaciones de Circuito Interior, desde donde se hab\u00edan registrado agresiones contra automovilistas a quienes se les arrojaban piedras mientras transitaban por la vialidad.<br \/><br \/>La acci\u00f3n fue instruida por la alcaldesa Alessandra Rojo de la Vega, luego de m\u00faltiples reportes de vecinas, vecinos y conductores que alertaron sobre estos hechos que pon\u00edan en riesgo la integridad de quienes circulan por una de las arterias m\u00e1s transitadas de la ciudad.<br \/><br \/>Tras el retiro del campamento, la alcaldesa se\u00f1al\u00f3 que la alcald\u00eda seguir\u00e1 actuando para proteger a la ciudadan\u00eda, aunque advirti\u00f3 que se trata de una problem\u00e1tica que requiere la participaci\u00f3n de diversas autoridades.<br \/>\u201cLevantamos el campamento desde donde sal\u00edan las agresiones, pero voy a ser honesta: estamos solos. Hemos pedido apoyo nuevamente a la Secretar\u00eda de Bienestar y hemos solicitado coordinaci\u00f3n. No llega\u201d, expres\u00f3.<br \/><br \/>Ale Rojo de la Vega subray\u00f3 que la alcald\u00eda no dejar\u00e1 de intervenir cuando existan riesgos para la poblaci\u00f3n, pero insisti\u00f3 en que una sola demarcaci\u00f3n no puede cargar por s\u00ed misma con un problema social que requiere atenci\u00f3n integral. \u201cCuauht\u00e9moc no va a dejar de actuar. Pero una alcald\u00eda no puede cargar sola con un problema que es de todos. Exigimos corresponsabilidad\u201d, afirm\u00f3.<br \/><br \/>La alcaldesa record\u00f3 que su gobierno ha planteado esta problem\u00e1tica en diversas sesiones de la Mesa de Construcci\u00f3n de Paz, espacio en el que participan autoridades de los tres \u00f3rdenes de gobierno, atendiendo las preocupaciones expresadas por vecinas y vecinos de la demarcaci\u00f3n.<br \/><br \/>Paralelamente, la alcald\u00eda mantiene acciones permanentes de atenci\u00f3n a personas en situaci\u00f3n vulnerable a trav\u00e9s de brigadas territoriales que realizan recorridos de vinculaci\u00f3n y acompa\u00f1amiento social, as\u00ed como jornadas integrales en las que se ofrecen servicios m\u00e9dicos, psicol\u00f3gicos, jur\u00eddicos y sociales.<br \/><br \/>Estas brigadas tambi\u00e9n realizan canalizaciones a albergues, centros de tratamiento y espacios de rehabilitaci\u00f3n, adem\u00e1s de mantener un mapeo constante de puntos de concentraci\u00f3n para orientar acciones de atenci\u00f3n focalizada.<br \/><br \/>El gobierno de Cuauht\u00e9moc reiter\u00f3 su disposici\u00f3n para trabajar de manera coordinada con las autoridades de la ciudad, con el objetivo de atender de fondo las condiciones que originan estas situaciones y garantizar la seguridad de quienes viven, trabajan o transitan por la demarcaci\u00f3n.","protected":false},"excerpt":{"rendered":"<p>_* Las agresiones con piedras contra automovilistas hab\u00edan sido reportadas por vecinos y conductores que circulan por la zona.__* La alcald\u00eda ha solicitado apoyo institucional para atender de fondo la problem\u00e1tica._ La Alcald\u00eda Cuauht\u00e9moc retir\u00f3 un campamento ubicado en las inmediaciones de Circuito Interior, desde donde se hab\u00edan registrado agresiones contra automovilistas a quienes se [&hellip;]<\/p>\n","protected":false},"author":6,"featured_media":2766,"comment_status":"open","ping_status":"open","sticky":false,"template":"","format":"standard","meta":{"footnotes":""},"categories":[1],"tags":[],"ppma_author":[43],"class_list":["post-2762","post","type-post","status-publish","format-standard","has-post-thumbnail","hentry","category-blog"],"authors":[{"term_id":43,"user_id":6,"is_guest":0,"slug":"staff","display_name":"STAFF","avatar_url":{"url":"https:\/\/pulsociudadano.network\/wp-content\/uploads\/2023\/11\/cropped-301392363_529368922396272_1685931149298827625_n-1.jpg","url2x":"https:\/\/pulsociudadano.network\/wp-content\/uploads\/2023\/11\/cropped-301392363_529368922396272_1685931149298827625_n-1.jpg"},"0":null,"1":"","2":"","3":"","4":"","5":"","6":"","7":"","8":""}],"_links":{"self":[{"href":"https:\/\/pulsociudadano.network\/index.php\/wp-json\/wp\/v2\/posts\/2762","targetHints":{"allow":["GET"]}}],"collection":[{"href":"https:\/\/pulsociudadano.network\/index.php\/wp-json\/wp\/v2\/posts"}],"about":[{"href":"https:\/\/pulsociudadano.network\/index.php\/wp-json\/wp\/v2\/types\/post"}],"author":[{"embeddable":true,"href":"https:\/\/pulsociudadano.network\/index.php\/wp-json\/wp\/v2\/users\/6"}],"replies":[{"embeddable":true,"href":"https:\/\/pulsociudadano.network\/index.php\/wp-json\/wp\/v2\/comments?post=2762"}],"version-history":[{"count":1,"href":"https:\/\/pulsociudadano.network\/index.php\/wp-json\/wp\/v2\/posts\/2762\/revisions"}],"predecessor-version":[{"id":2764,"href":"https:\/\/pulsociudadano.network\/index.php\/wp-json\/wp\/v2\/posts\/2762\/revisions\/2764"}],"wp:featuredmedia":[{"embeddable":true,"href":"https:\/\/pulsociudadano.network\/index.php\/wp-json\/wp\/v2\/media\/2766"}],"wp:attachment":[{"href":"https:\/\/pulsociudadano.network\/index.php\/wp-json\/wp\/v2\/media?parent=2762"}],"wp:term":[{"taxonomy":"category","embeddable":true,"href":"https:\/\/pulsociudadano.network\/index.php\/wp-json\/wp\/v2\/categories?post=2762"},{"taxonomy":"post_tag","embeddable":true,"href":"https:\/\/pulsociudadano.network\/index.php\/wp-json\/wp\/v2\/tags?post=2762"},{"taxonomy":"author","embeddable":true,"href":"https:\/\/pulsociudadano.network\/index.php\/wp-json\/wp\/v2\/ppma_author?post=2762"}],"curies":[{"name":"wp","href":"https:\/\/api.w.org\/{rel}","templated":true}]}}