{"id":2756,"date":"2026-03-10T14:44:23","date_gmt":"2026-03-10T20:44:23","guid":{"rendered":"https:\/\/pulsociudadano.network\/?p=2756"},"modified":"2026-03-10T14:44:24","modified_gmt":"2026-03-10T20:44:24","slug":"ale-rojo-de-la-vega-marchara-este-8m-desde-la-diana-cazadora","status":"publish","type":"post","link":"https:\/\/pulsociudadano.network\/index.php\/2026\/03\/10\/ale-rojo-de-la-vega-marchara-este-8m-desde-la-diana-cazadora\/","title":{"rendered":"ALE ROJO DE LA VEGA MARCHAR\u00c1 ESTE 8M DESDE LA DIANA CAZADORA"},"content":{"rendered":"<br \/><br \/>_* La alcaldesa instruy\u00f3 adem\u00e1s que haya puestos de hidrataci\u00f3n y sanitarios m\u00f3viles para respaldar a las mujeres que luchan._<br \/>_* Protecci\u00f3n Civil de la demarcaci\u00f3n permanecer\u00e1 desplegado para atender a quien lo requiera._<br \/><br \/><br \/>Con motivo de la movilizaci\u00f3n por el D\u00eda Internacional de la Mujer, la alcaldesa Alessandra Rojo de la Vega encabezar\u00e1 un contingente que partir\u00e1 de la Diana Cazadora a las 11:30 de la ma\u00f1ana, y la Alcald\u00eda Cuauht\u00e9moc implementar\u00e1 un operativo de acompa\u00f1amiento con personal de Protecci\u00f3n Civil y distintas \u00e1reas operativas para atender cualquier eventualidad durante la jornada de este 8 de marzo.<br \/><br \/>Por instrucciones de la mandataria, se instalar\u00e1n puntos de hidrataci\u00f3n y sanitarios m\u00f3viles a lo largo del recorrido de la marcha, ante el cierre habitual de establecimientos durante la movilizaci\u00f3n, a fin de garantizar condiciones b\u00e1sicas para las mujeres que participan.<br \/><br \/>Personal de Protecci\u00f3n Civil tambi\u00e9n permanecer\u00e1 desplegado durante la jornada para brindar atenci\u00f3n m\u00e9dica en caso de ser necesario y apoyar en cualquier situaci\u00f3n que pudiera presentarse.<br \/><br \/>Estas acciones se enmarcan en el compromiso del gobierno de Cuauht\u00e9moc con la defensa de los derechos de las mujeres, una agenda que esta semana tambi\u00e9n fue reconocida a nivel internacional, luego de que la alcaldesa Ale Rojo de la Vega recibiera en Madrid el Reconocimiento 8 de Marzo por su trabajo en favor de las mujeres.<br \/><br \/>La Alcald\u00eda Cuauht\u00e9moc concentra puntos de partida y trayecto de la movilizaci\u00f3n del 8 de marzo, por lo que cada a\u00f1o recibe a miles de mujeres que llegan desde distintas zonas de la ciudad y del pa\u00eds para participar en la jornada.","protected":false},"excerpt":{"rendered":"<p>_* La alcaldesa instruy\u00f3 adem\u00e1s que haya puestos de hidrataci\u00f3n y sanitarios m\u00f3viles para respaldar a las mujeres que luchan.__* Protecci\u00f3n Civil de la demarcaci\u00f3n permanecer\u00e1 desplegado para atender a quien lo requiera._ Con motivo de la movilizaci\u00f3n por el D\u00eda Internacional de la Mujer, la alcaldesa Alessandra Rojo de la Vega encabezar\u00e1 un contingente [&hellip;]<\/p>\n","protected":false},"author":6,"featured_media":2760,"comment_status":"open","ping_status":"open","sticky":false,"template":"","format":"standard","meta":{"footnotes":""},"categories":[1],"tags":[],"ppma_author":[43],"class_list":["post-2756","post","type-post","status-publish","format-standard","has-post-thumbnail","hentry","category-blog"],"authors":[{"term_id":43,"user_id":6,"is_guest":0,"slug":"staff","display_name":"STAFF","avatar_url":{"url":"https:\/\/pulsociudadano.network\/wp-content\/uploads\/2023\/11\/cropped-301392363_529368922396272_1685931149298827625_n-1.jpg","url2x":"https:\/\/pulsociudadano.network\/wp-content\/uploads\/2023\/11\/cropped-301392363_529368922396272_1685931149298827625_n-1.jpg"},"0":null,"1":"","2":"","3":"","4":"","5":"","6":"","7":"","8":""}],"_links":{"self":[{"href":"https:\/\/pulsociudadano.network\/index.php\/wp-json\/wp\/v2\/posts\/2756","targetHints":{"allow":["GET"]}}],"collection":[{"href":"https:\/\/pulsociudadano.network\/index.php\/wp-json\/wp\/v2\/posts"}],"about":[{"href":"https:\/\/pulsociudadano.network\/index.php\/wp-json\/wp\/v2\/types\/post"}],"author":[{"embeddable":true,"href":"https:\/\/pulsociudadano.network\/index.php\/wp-json\/wp\/v2\/users\/6"}],"replies":[{"embeddable":true,"href":"https:\/\/pulsociudadano.network\/index.php\/wp-json\/wp\/v2\/comments?post=2756"}],"version-history":[{"count":1,"href":"https:\/\/pulsociudadano.network\/index.php\/wp-json\/wp\/v2\/posts\/2756\/revisions"}],"predecessor-version":[{"id":2758,"href":"https:\/\/pulsociudadano.network\/index.php\/wp-json\/wp\/v2\/posts\/2756\/revisions\/2758"}],"wp:featuredmedia":[{"embeddable":true,"href":"https:\/\/pulsociudadano.network\/index.php\/wp-json\/wp\/v2\/media\/2760"}],"wp:attachment":[{"href":"https:\/\/pulsociudadano.network\/index.php\/wp-json\/wp\/v2\/media?parent=2756"}],"wp:term":[{"taxonomy":"category","embeddable":true,"href":"https:\/\/pulsociudadano.network\/index.php\/wp-json\/wp\/v2\/categories?post=2756"},{"taxonomy":"post_tag","embeddable":true,"href":"https:\/\/pulsociudadano.network\/index.php\/wp-json\/wp\/v2\/tags?post=2756"},{"taxonomy":"author","embeddable":true,"href":"https:\/\/pulsociudadano.network\/index.php\/wp-json\/wp\/v2\/ppma_author?post=2756"}],"curies":[{"name":"wp","href":"https:\/\/api.w.org\/{rel}","templated":true}]}}