{"id":2744,"date":"2026-03-10T14:39:17","date_gmt":"2026-03-10T20:39:17","guid":{"rendered":"https:\/\/pulsociudadano.network\/?p=2744"},"modified":"2026-03-10T14:39:19","modified_gmt":"2026-03-10T20:39:19","slug":"ale-rojo-de-la-vega-recibe-en-madrid-el-reconocimiento-8-de-marzo-por-su-liderazgo-en-defensa-de-los-derechos-de-las-mujeres","status":"publish","type":"post","link":"https:\/\/pulsociudadano.network\/index.php\/2026\/03\/10\/ale-rojo-de-la-vega-recibe-en-madrid-el-reconocimiento-8-de-marzo-por-su-liderazgo-en-defensa-de-los-derechos-de-las-mujeres\/","title":{"rendered":"ALE ROJO DE LA VEGA RECIBE EN MADRID EL RECONOCIMIENTO 8 DE MARZO POR SU LIDERAZGO EN DEFENSA DE LOS DERECHOS DE LAS MUJERES"},"content":{"rendered":"<br \/><br \/>_* Es una mujer \u00abbrava, valiente y comprometida con su pa\u00eds\u00bb, afirma Isabel D\u00edaz Ayuso, presidenta de la Comunidad de Madrid._<br \/>_* \u00abSiempre habr\u00e1 quien quiera callarnos, pero las mujeres que luchamos no sabemos retroceder\u00bb, asegura Ale._<br \/>_* El galard\u00f3n reconoce la lucha por la igualdad; en a\u00f1os recientes fue otorgado tambi\u00e9n a Mar\u00eda Corina Machado, l\u00edder opositora venezolana._<br \/><br \/><br \/>La presidenta de la Comunidad de Madrid, Isabel D\u00edaz Ayuso, entreg\u00f3 el Reconocimiento 8 de Marzo a la alcaldesa de Cuauht\u00e9moc, Ale Rojo de la Vega, en un acto celebrado en la Real Casa de Correos, en Madrid, en el marco del D\u00eda Internacional de la Mujer. <br \/><br \/>Este reconocimiento distingue a mujeres cuya trayectoria profesional y social ha tenido impacto internacional en la defensa de los derechos humanos y la igualdad. Entre las figuras que han recibido esta distinci\u00f3n se encuentra Mar\u00eda Corina Machado, l\u00edder de la oposici\u00f3n venezolana y Premio Nobel de la Paz 2025, por su lucha a favor de los derechos democr\u00e1ticos frente a la represi\u00f3n en Venezuela.<br \/><br \/>Al referirse a la alcaldesa mexicana, Isabel D\u00edaz Ayuso la describi\u00f3 como una mujer brava, valiente y comprometida con su pa\u00eds, la libertad y la lucha contra la desigualdad. <br \/><br \/>\u00abHa sido v\u00edctima de varios atentados que han intentado acabar con su vida y de hecho hace pocas semanas fue otra vez brutalmente atacada en la calle, pero sin embargo, ella sale todos los d\u00edas por la puerta de su casa, con el compromiso de defender a M\u00e9xico, encabezar la resistencia y la lucha por los valores que representa y especialmente el papel de la mujer en M\u00e9xico y en todos los lugares del mundo, puesto que la seguimos tambi\u00e9n desde Espa\u00f1a, desde Madrid con profunda admiraci\u00f3n\u00bb, afirm\u00f3 la presidenta.<br \/><br \/>La entrega de este galard\u00f3n se produce tras a\u00f1os de trabajo continuo de Ale Rojo de la Vega en una realidad marcada por altos niveles de violencia y desigualdad para las mujeres en M\u00e9xico. Durante su mensaje, la alcaldesa se\u00f1al\u00f3 que \u201cla pol\u00edtica que no salva vidas es solo escenograf\u00eda\u201d, y advirti\u00f3 que en el pa\u00eds \u201clevantar la voz y servir a tu pa\u00eds puede costarte la vida\u201d.<br \/><br \/>Ale Rojo de la Vega tambi\u00e9n se\u00f1al\u00f3 que cuando una mujer decide denunciar la corrupci\u00f3n, la impunidad y la violencia, no s\u00f3lo enfrenta amenazas directas, sino campa\u00f1as de desprestigio y presiones para silenciarla. \u201cCuando una mujer decide gobernar sin miedo, siempre habr\u00e1 quien quiera callarla\u201d, afirm\u00f3, al tiempo que sostuvo que las mujeres que luchan por sus derechos no saben retroceder.<br \/><br \/>Desde su gobierno en Cuauht\u00e9moc ha consolidado una estrategia integral que ha ayudado a que miles de mujeres puedan salir de contextos de violencia, con mecanismos para la prevenci\u00f3n, atenci\u00f3n, sanci\u00f3n y reparaci\u00f3n.<br \/><br \/>Desde el inicio de su administraci\u00f3n se impuls\u00f3 una red que muy pronto llegar\u00e1 500 Puntos Violeta, espacios seguros para mujeres, adolescentes y ni\u00f1as que transitan, viven, estudian o trabajan en la Alcald\u00eda Cuauht\u00e9moc; se capacit\u00f3 y profesionaliz\u00f3 a polic\u00edas con perspectiva de g\u00e9nero y se conform\u00f3 un equipo permanente de abogadas y psic\u00f3logas que acompa\u00f1an a las v\u00edctimas de inicio a fin en sus procesos. Adem\u00e1s, se han implementado programas sociales para la atenci\u00f3n de mujeres en situaci\u00f3n de violencia, personas cuidadoras y poblaciones trans.<br \/><br \/>Al recibir el reconocimiento, la alcaldesa se\u00f1al\u00f3 que lo asume en nombre de las mujeres que han sido v\u00edctimas de la violencia y de las madres buscadoras de M\u00e9xico, a quienes describi\u00f3 como una de las expresiones m\u00e1s valientes de la lucha por la verdad y la justicia en el pa\u00eds.<br \/><br \/>La alcaldesa asisti\u00f3 a la ceremonia sin costo alguno para el erario de la Alcald\u00eda Cuauht\u00e9moc.<br \/><br \/>En esta edici\u00f3n, el Reconocimiento 8 de Marzo tambi\u00e9n fue otorgado a la lucha de las mujeres iran\u00edes por su defensa de la libertad; a la cient\u00edfica Eva Nogales por su trayectoria internacional en biolog\u00eda estructural; a la doctora Isabel Calvo por su aportaci\u00f3n en el \u00e1mbito de la biomedicina; a la empresa Ausonia por su compromiso con la salud femenina; y a la revista Yo Dona por su labor en la visibilizaci\u00f3n de historias de mujeres.","protected":false},"excerpt":{"rendered":"<p>_* Es una mujer \u00abbrava, valiente y comprometida con su pa\u00eds\u00bb, afirma Isabel D\u00edaz Ayuso, presidenta de la Comunidad de Madrid.__* \u00abSiempre habr\u00e1 quien quiera callarnos, pero las mujeres que luchamos no sabemos retroceder\u00bb, asegura Ale.__* El galard\u00f3n reconoce la lucha por la igualdad; en a\u00f1os recientes fue otorgado tambi\u00e9n a Mar\u00eda Corina Machado, l\u00edder [&hellip;]<\/p>\n","protected":false},"author":6,"featured_media":2748,"comment_status":"open","ping_status":"open","sticky":false,"template":"","format":"standard","meta":{"footnotes":""},"categories":[1],"tags":[],"ppma_author":[99,43],"class_list":["post-2744","post","type-post","status-publish","format-standard","has-post-thumbnail","hentry","category-blog"],"authors":[{"term_id":99,"user_id":6,"is_guest":0,"slug":"staff","display_name":"Paola Arrieta","avatar_url":"https:\/\/secure.gravatar.com\/avatar\/9deb78147fffa2afa2d2f6e8e89b23fc2e55c610a9187dde4943c1d0e3c2e5ce?s=96&d=mm&r=g","0":null,"1":"","2":"","3":"","4":"","5":"","6":"","7":"","8":""},{"term_id":43,"user_id":6,"is_guest":0,"slug":"staff","display_name":"STAFF","avatar_url":{"url":"https:\/\/pulsociudadano.network\/wp-content\/uploads\/2023\/11\/cropped-301392363_529368922396272_1685931149298827625_n-1.jpg","url2x":"https:\/\/pulsociudadano.network\/wp-content\/uploads\/2023\/11\/cropped-301392363_529368922396272_1685931149298827625_n-1.jpg"},"0":null,"1":"","2":"","3":"","4":"","5":"","6":"","7":"","8":""}],"_links":{"self":[{"href":"https:\/\/pulsociudadano.network\/index.php\/wp-json\/wp\/v2\/posts\/2744","targetHints":{"allow":["GET"]}}],"collection":[{"href":"https:\/\/pulsociudadano.network\/index.php\/wp-json\/wp\/v2\/posts"}],"about":[{"href":"https:\/\/pulsociudadano.network\/index.php\/wp-json\/wp\/v2\/types\/post"}],"author":[{"embeddable":true,"href":"https:\/\/pulsociudadano.network\/index.php\/wp-json\/wp\/v2\/users\/6"}],"replies":[{"embeddable":true,"href":"https:\/\/pulsociudadano.network\/index.php\/wp-json\/wp\/v2\/comments?post=2744"}],"version-history":[{"count":1,"href":"https:\/\/pulsociudadano.network\/index.php\/wp-json\/wp\/v2\/posts\/2744\/revisions"}],"predecessor-version":[{"id":2746,"href":"https:\/\/pulsociudadano.network\/index.php\/wp-json\/wp\/v2\/posts\/2744\/revisions\/2746"}],"wp:featuredmedia":[{"embeddable":true,"href":"https:\/\/pulsociudadano.network\/index.php\/wp-json\/wp\/v2\/media\/2748"}],"wp:attachment":[{"href":"https:\/\/pulsociudadano.network\/index.php\/wp-json\/wp\/v2\/media?parent=2744"}],"wp:term":[{"taxonomy":"category","embeddable":true,"href":"https:\/\/pulsociudadano.network\/index.php\/wp-json\/wp\/v2\/categories?post=2744"},{"taxonomy":"post_tag","embeddable":true,"href":"https:\/\/pulsociudadano.network\/index.php\/wp-json\/wp\/v2\/tags?post=2744"},{"taxonomy":"author","embeddable":true,"href":"https:\/\/pulsociudadano.network\/index.php\/wp-json\/wp\/v2\/ppma_author?post=2744"}],"curies":[{"name":"wp","href":"https:\/\/api.w.org\/{rel}","templated":true}]}}