{"id":2738,"date":"2026-03-10T14:36:49","date_gmt":"2026-03-10T20:36:49","guid":{"rendered":"https:\/\/pulsociudadano.network\/?p=2738"},"modified":"2026-03-10T14:36:50","modified_gmt":"2026-03-10T20:36:50","slug":"en-el-marco-del-8m-cuauhtemoc-abre-sus-espacios-a-las-mujeres-con-cultura-capacitacion-y-deporte","status":"publish","type":"post","link":"https:\/\/pulsociudadano.network\/index.php\/2026\/03\/10\/en-el-marco-del-8m-cuauhtemoc-abre-sus-espacios-a-las-mujeres-con-cultura-capacitacion-y-deporte\/","title":{"rendered":"EN EL MARCO DEL 8M, CUAUHT\u00c9MOC ABRE SUS ESPACIOS A LAS MUJERES CON CULTURA, CAPACITACI\u00d3N Y DEPORTE"},"content":{"rendered":"<br \/><br \/>Con el D\u00eda Internacional de la Mujer en puerta, la alcaldesa Alessandra Rojo de la Vega ha instruido mantener abiertas las casas de cultura, auditorios y plazas p\u00fablicas de Cuauht\u00e9moc con actividades gratuitas para las mujeres. <br \/><br \/>El jueves 5 de marzo el Auditorio Valent\u00edn Campa ser\u00e1 sede de una megacapacitaci\u00f3n a las 16:00 horas y de la obra de teatro \u201cElla es Julieta\u201d a las 17:00 horas. Ese mismo d\u00eda, a las 19:00 horas, partir\u00e1 desde la explanada de la alcald\u00eda la Rodada Nocturna Violeta.<br \/><br \/>El viernes 6 de marzo a las 11:00 horas se realizar\u00e1 el taller de serigraf\u00eda \u201cPinta tu pa\u00f1uelo: Lazos que nos unen\u201d, con entrega de pa\u00f1uelos durante el d\u00eda en las instalaciones de la alcald\u00eda. De forma paralela se instalar\u00e1n nuevos Puntos Violeta y se impartir\u00e1n capacitaciones en perspectiva de g\u00e9nero. Tambi\u00e9n habr\u00e1 actividades como \u201cColores de la Verdad\u201d, \u201cLetras en Violeta\u201d y donaci\u00f3n de kits de higiene.<br \/><br \/>Asimismo, la agenda cultural contin\u00faa en las casas de cultura. En Alfonso Reyes se inaugurar\u00e1 el 6 de marzo la muestra de Nicol Salazar; en Jes\u00fas Romero Flores abrir\u00e1 el Taller de Esmaltes de Ale Pineda; y en San Rafael y Santa Mar\u00eda la Ribera se presentar\u00e1 la exposici\u00f3n \u201cDistintas miradas, una sola fuerza\u201d. Adem\u00e1s, el viernes habr\u00e1 m\u00fasica en la Plaza del Danz\u00f3n y un espect\u00e1culo de flamenco en la Casa de Cultura San Rafael.<br \/><br \/>El 5 y 6 de marzo tambi\u00e9n se realizar\u00e1 en la explanada de la alcald\u00eda la jornada \u201cFiscal\u00eda Contigo\u201d, en colaboraci\u00f3n con la Fiscal\u00eda General de Justicia de la Ciudad de M\u00e9xico. Durante esta actividad, las mujeres que acudan podr\u00e1n recibir orientaci\u00f3n jur\u00eddica y atenci\u00f3n especializada.<br \/><br \/>La alcaldesa Ale Rojo de la Vega invita a formar parte de las actividades, que son de entrada libre. La cartelera completa puede ser consultada en las redes sociales oficiales de la Alcald\u00eda Cuauht\u00e9moc.","protected":false},"excerpt":{"rendered":"<p>Con el D\u00eda Internacional de la Mujer en puerta, la alcaldesa Alessandra Rojo de la Vega ha instruido mantener abiertas las casas de cultura, auditorios y plazas p\u00fablicas de Cuauht\u00e9moc con actividades gratuitas para las mujeres. El jueves 5 de marzo el Auditorio Valent\u00edn Campa ser\u00e1 sede de una megacapacitaci\u00f3n a las 16:00 horas y [&hellip;]<\/p>\n","protected":false},"author":6,"featured_media":2742,"comment_status":"open","ping_status":"open","sticky":false,"template":"","format":"standard","meta":{"footnotes":""},"categories":[1],"tags":[],"ppma_author":[43],"class_list":["post-2738","post","type-post","status-publish","format-standard","has-post-thumbnail","hentry","category-blog"],"authors":[{"term_id":43,"user_id":6,"is_guest":0,"slug":"staff","display_name":"STAFF","avatar_url":{"url":"https:\/\/pulsociudadano.network\/wp-content\/uploads\/2023\/11\/cropped-301392363_529368922396272_1685931149298827625_n-1.jpg","url2x":"https:\/\/pulsociudadano.network\/wp-content\/uploads\/2023\/11\/cropped-301392363_529368922396272_1685931149298827625_n-1.jpg"},"0":null,"1":"","2":"","3":"","4":"","5":"","6":"","7":"","8":""}],"_links":{"self":[{"href":"https:\/\/pulsociudadano.network\/index.php\/wp-json\/wp\/v2\/posts\/2738","targetHints":{"allow":["GET"]}}],"collection":[{"href":"https:\/\/pulsociudadano.network\/index.php\/wp-json\/wp\/v2\/posts"}],"about":[{"href":"https:\/\/pulsociudadano.network\/index.php\/wp-json\/wp\/v2\/types\/post"}],"author":[{"embeddable":true,"href":"https:\/\/pulsociudadano.network\/index.php\/wp-json\/wp\/v2\/users\/6"}],"replies":[{"embeddable":true,"href":"https:\/\/pulsociudadano.network\/index.php\/wp-json\/wp\/v2\/comments?post=2738"}],"version-history":[{"count":1,"href":"https:\/\/pulsociudadano.network\/index.php\/wp-json\/wp\/v2\/posts\/2738\/revisions"}],"predecessor-version":[{"id":2740,"href":"https:\/\/pulsociudadano.network\/index.php\/wp-json\/wp\/v2\/posts\/2738\/revisions\/2740"}],"wp:featuredmedia":[{"embeddable":true,"href":"https:\/\/pulsociudadano.network\/index.php\/wp-json\/wp\/v2\/media\/2742"}],"wp:attachment":[{"href":"https:\/\/pulsociudadano.network\/index.php\/wp-json\/wp\/v2\/media?parent=2738"}],"wp:term":[{"taxonomy":"category","embeddable":true,"href":"https:\/\/pulsociudadano.network\/index.php\/wp-json\/wp\/v2\/categories?post=2738"},{"taxonomy":"post_tag","embeddable":true,"href":"https:\/\/pulsociudadano.network\/index.php\/wp-json\/wp\/v2\/tags?post=2738"},{"taxonomy":"author","embeddable":true,"href":"https:\/\/pulsociudadano.network\/index.php\/wp-json\/wp\/v2\/ppma_author?post=2738"}],"curies":[{"name":"wp","href":"https:\/\/api.w.org\/{rel}","templated":true}]}}