{"id":2732,"date":"2026-03-10T14:34:04","date_gmt":"2026-03-10T20:34:04","guid":{"rendered":"https:\/\/pulsociudadano.network\/?p=2732"},"modified":"2026-03-10T14:34:05","modified_gmt":"2026-03-10T20:34:05","slug":"ale-rojo-de-la-vega-encabeza-operativo-y-retira-pergolas-que-obstruian-el-paso-peatonal-en-roma-norte","status":"publish","type":"post","link":"https:\/\/pulsociudadano.network\/index.php\/2026\/03\/10\/ale-rojo-de-la-vega-encabeza-operativo-y-retira-pergolas-que-obstruian-el-paso-peatonal-en-roma-norte\/","title":{"rendered":"ALE ROJO DE LA VEGA ENCABEZA OPERATIVO Y RETIRA P\u00c9RGOLAS QUE OBSTRU\u00cdAN EL PASO PEATONAL EN ROMA NORTE"},"content":{"rendered":"<br \/><br \/>_* Las estructuras ocupaban espacio p\u00fablico sin autorizaci\u00f3n y reduc\u00edan la movilidad en calles Xalapa y Orizaba._<br \/>_* En una semana se recuperaron m\u00e1s de 9 mil metros de v\u00eda p\u00fablica en la demarcaci\u00f3n._<br \/><br \/><br \/>En atenci\u00f3n a denuncias vecinales, la alcaldesa Alessandra Rojo de la Vega encabez\u00f3 un operativo para el retiro de dos p\u00e9rgolas instaladas sin permiso en calles de la colonia Roma Norte, las cuales obstru\u00edan el paso peatonal y reduc\u00edan la visibilidad en la v\u00eda p\u00fablica.<br \/><br \/>Las estructuras, ubicadas en las calles Xalapa y Orizaba, hab\u00edan sido se\u00f1aladas por vecinas y vecinos debido a que dificultaban el tr\u00e1nsito de personas adultas mayores, familias con carriolas y personas con movilidad limitada. De acuerdo con la Direcci\u00f3n General de Gobierno, los responsables ya hab\u00edan sido notificados previamente sobre la necesidad de regularizar o retirar las instalaciones.<br \/><br \/>Acompa\u00f1ada por personal de la Direcci\u00f3n de Mercados y V\u00eda P\u00fablica y con apoyo de la Polic\u00eda Auxiliar de #BlindarCuauht\u00e9moc, la alcaldesa supervis\u00f3 el retiro, privilegiando el di\u00e1logo y el cumplimiento voluntario de la normativa.<br \/><br \/>Estas acciones forman parte de la estrategia permanente de recuperaci\u00f3n del espacio p\u00fablico en las 33 colonias de la demarcaci\u00f3n, que durante la semana anterior dej\u00f3 como resultado la recuperaci\u00f3n de 9 mil 165 metros cuadrados de espacio p\u00fablico, el retiro de 5 mil 100 kilogramos de mostrencos y obst\u00e1culos, as\u00ed como el retiro de cuatro p\u00e9rgolas que, como en este caso, no contaban con los permisos necesarios.<br \/><br \/>Por instrucciones de Ale Rojo de la Vega, la Alcald\u00eda Cuauht\u00e9moc informa que los operativos de ordenamiento continuar\u00e1n de manera permanente, priorizando la atenci\u00f3n a denuncias ciudadanas y la recuperaci\u00f3n de banquetas y vialidades para uso peatonal.","protected":false},"excerpt":{"rendered":"<p>_* Las estructuras ocupaban espacio p\u00fablico sin autorizaci\u00f3n y reduc\u00edan la movilidad en calles Xalapa y Orizaba.__* En una semana se recuperaron m\u00e1s de 9 mil metros de v\u00eda p\u00fablica en la demarcaci\u00f3n._ En atenci\u00f3n a denuncias vecinales, la alcaldesa Alessandra Rojo de la Vega encabez\u00f3 un operativo para el retiro de dos p\u00e9rgolas instaladas [&hellip;]<\/p>\n","protected":false},"author":6,"featured_media":2736,"comment_status":"open","ping_status":"open","sticky":false,"template":"","format":"standard","meta":{"footnotes":""},"categories":[1],"tags":[],"ppma_author":[43],"class_list":["post-2732","post","type-post","status-publish","format-standard","has-post-thumbnail","hentry","category-blog"],"authors":[{"term_id":43,"user_id":6,"is_guest":0,"slug":"staff","display_name":"STAFF","avatar_url":{"url":"https:\/\/pulsociudadano.network\/wp-content\/uploads\/2023\/11\/cropped-301392363_529368922396272_1685931149298827625_n-1.jpg","url2x":"https:\/\/pulsociudadano.network\/wp-content\/uploads\/2023\/11\/cropped-301392363_529368922396272_1685931149298827625_n-1.jpg"},"0":null,"1":"","2":"","3":"","4":"","5":"","6":"","7":"","8":""}],"_links":{"self":[{"href":"https:\/\/pulsociudadano.network\/index.php\/wp-json\/wp\/v2\/posts\/2732","targetHints":{"allow":["GET"]}}],"collection":[{"href":"https:\/\/pulsociudadano.network\/index.php\/wp-json\/wp\/v2\/posts"}],"about":[{"href":"https:\/\/pulsociudadano.network\/index.php\/wp-json\/wp\/v2\/types\/post"}],"author":[{"embeddable":true,"href":"https:\/\/pulsociudadano.network\/index.php\/wp-json\/wp\/v2\/users\/6"}],"replies":[{"embeddable":true,"href":"https:\/\/pulsociudadano.network\/index.php\/wp-json\/wp\/v2\/comments?post=2732"}],"version-history":[{"count":1,"href":"https:\/\/pulsociudadano.network\/index.php\/wp-json\/wp\/v2\/posts\/2732\/revisions"}],"predecessor-version":[{"id":2734,"href":"https:\/\/pulsociudadano.network\/index.php\/wp-json\/wp\/v2\/posts\/2732\/revisions\/2734"}],"wp:featuredmedia":[{"embeddable":true,"href":"https:\/\/pulsociudadano.network\/index.php\/wp-json\/wp\/v2\/media\/2736"}],"wp:attachment":[{"href":"https:\/\/pulsociudadano.network\/index.php\/wp-json\/wp\/v2\/media?parent=2732"}],"wp:term":[{"taxonomy":"category","embeddable":true,"href":"https:\/\/pulsociudadano.network\/index.php\/wp-json\/wp\/v2\/categories?post=2732"},{"taxonomy":"post_tag","embeddable":true,"href":"https:\/\/pulsociudadano.network\/index.php\/wp-json\/wp\/v2\/tags?post=2732"},{"taxonomy":"author","embeddable":true,"href":"https:\/\/pulsociudadano.network\/index.php\/wp-json\/wp\/v2\/ppma_author?post=2732"}],"curies":[{"name":"wp","href":"https:\/\/api.w.org\/{rel}","templated":true}]}}