{"id":2729,"date":"2026-03-04T10:54:40","date_gmt":"2026-03-04T16:54:40","guid":{"rendered":"https:\/\/pulsociudadano.network\/?p=2729"},"modified":"2026-03-04T10:54:41","modified_gmt":"2026-03-04T16:54:41","slug":"con-el-pais-incendiado-no-es-momento-para-una-reforma-electoral-alejandro-moreno","status":"publish","type":"post","link":"https:\/\/pulsociudadano.network\/index.php\/2026\/03\/04\/con-el-pais-incendiado-no-es-momento-para-una-reforma-electoral-alejandro-moreno\/","title":{"rendered":"CON EL PA\u00cdS INCENDIADO, NO ES MOMENTO PARA UNA REFORMA ELECTORAL: ALEJANDRO MORENO"},"content":{"rendered":"El Presidente del CEN del PRI dijo que \u201clo que quieren desde el gobierno es ganar a como d\u00e9 lugar las elecciones del 2027\u201d, y adelant\u00f3 que el partido dar\u00e1 el debate y votar\u00e1 en contra.<br \/>Al advertir que lo m\u00e1s importante es cuidar la democracia y el sistema democr\u00e1tico, Alejandro Moreno, Presidente del Comit\u00e9 Ejecutivo Nacional (CEN) del Partido Revolucionario Institucional, afirm\u00f3 que, con el pa\u00eds incendiado, hoy no son tiempos para una reforma electoral, por lo que ratific\u00f3 que el PRI ir\u00e1 en contra de la iniciativa que pretende presentar el gobierno de Morena, llamada como la \u201cLey Maduro\u201d, y tampoco la convalidar\u00e1 sent\u00e1ndose a discutirla.<br \/><br \/>Dijo esperar que recapaciten, porque, adem\u00e1s de que no son tiempos para este tema, es evidente que \u201clo que quieren desde el gobierno es ganar a como d\u00e9 lugar las elecciones del 2027\u201d. Por ello, ratific\u00f3, el PRI dar\u00e1 el debate en el Congreso y a nivel nacional.<br \/><br \/>El senador y dirigente nacional del tricolor cuestion\u00f3 qui\u00e9n puede pretender hoy una reforma electoral en estos momentos, cuando los temas de M\u00e9xico son otros, ya que \u201cel pa\u00eds est\u00e1 ardiendo\u201d y se les cae a pedazos, porque hay un gobierno de Morena rebasado.<br \/><br \/>El Presidente Alejandro Moreno dej\u00f3 en claro que desde el PRI, \u201cnosotros vamos a defender la democracia, vamos a seguir denunciando a nivel nacional y a nivel internacional\u201d.<br \/><br \/>En entrevista en el marco de la sesi\u00f3n en el Senado, sostuvo que el gobierno no tiene en claro que se tiene que resolver lo que se provoc\u00f3 desde el 2018, con la llegada de Andr\u00e9s Manuel L\u00f3pez Obrador, con la pol\u00edtica de abrazos y no balazos. \u201cAh\u00ed est\u00e1n las consecuencias. Un pa\u00eds incendiado, un pa\u00eds con 252 narco bloqueos, con 56 bancos quemados, con 25 -oficialmente- fallecidos, asesinados, integrantes de nuestras Fuerzas Armadas, de la Guardia Nacional\u201d, dijo, al referirse a los hechos delictivos del pasado domingo, que afectaron varios estados.<br \/><br \/>Por ello, puntualiz\u00f3 que ante \u201cuna propuesta de ese tama\u00f1o\u201d, la posici\u00f3n del PRI es ir en contra porque es destruir la democracia y dar el paso a una dictadura. \u201cLa posici\u00f3n del PRI ha sido clara y firme en contra de una iniciativa, como se hab\u00eda construido, con esa Ley Maduro. Iremos en contra, porque no esperamos nada bueno\u201d, se\u00f1al\u00f3.<br \/><br \/>Destac\u00f3 que el PT y el PVEM, aliados de Morena, abiertamente han expresado no estar de acuerdo con una iniciativa de reforma que destruye el sistema de partidos, la participaci\u00f3n pol\u00edtica, la representatividad; vulnera los elementos de competencia pol\u00edtica transparentados en la ley, como el financiamiento, la representaci\u00f3n proporcional, los \u00f3rganos electorales.<br \/><br \/>Consider\u00f3 que en Morena van a ver es c\u00f3mo llevar la revocaci\u00f3n de mandato al 2027, para que poner la figura de la Presidencia de la Rep\u00fablica en las elecciones, tirar los recursos p\u00fablicos, que los funcionarios p\u00fablicos hagan campa\u00f1a, as\u00ed como mandar la elecci\u00f3n del Poder Judicial al 2028, ajustar en temas electorales y luego irse en leyes secundarias para aplicar la mayor\u00eda simple que tienen.<br \/><br \/>Sostuvo que eso en nada abona al clima de di\u00e1logo, de acuerdo y de proceso democr\u00e1tico en M\u00e9xico.<br \/><br \/>Argument\u00f3 que ante la llamada Ley Maduro no puede haber medias tintas. \u201cAqu\u00ed el partido pol\u00edtico de oposici\u00f3n que vaya con una iniciativa de reforma electoral que ser\u00eda la Ley Maduro, que es destruir el sistema democr\u00e1tico, que es destruir la representaci\u00f3n de los partidos, es porque est\u00e1n arrodillados y le tienen miedo al gobierno\u201d.<br \/><br \/>Asegur\u00f3 que \u201ceso ser\u00eda cobarde; incluso, no solo que voten, que se sienten, porque ya les dije, hay muchos de la oposici\u00f3n, claro, no del PRI, del PAN o del MC, que andan de prontitos ah\u00ed siempre, saliendo a ver c\u00f3mo quedan bien con el gobierno\u201d.","protected":false},"excerpt":{"rendered":"<p>El Presidente del CEN del PRI dijo que \u201clo que quieren desde el gobierno es ganar a como d\u00e9 lugar las elecciones del 2027\u201d, y adelant\u00f3 que el partido dar\u00e1 el debate y votar\u00e1 en contra.Al advertir que lo m\u00e1s importante es cuidar la democracia y el sistema democr\u00e1tico, Alejandro Moreno, Presidente del Comit\u00e9 Ejecutivo [&hellip;]<\/p>\n","protected":false},"author":6,"featured_media":2733,"comment_status":"open","ping_status":"open","sticky":false,"template":"","format":"standard","meta":{"footnotes":""},"categories":[1],"tags":[],"ppma_author":[43],"class_list":["post-2729","post","type-post","status-publish","format-standard","has-post-thumbnail","hentry","category-blog"],"authors":[{"term_id":43,"user_id":6,"is_guest":0,"slug":"staff","display_name":"STAFF","avatar_url":{"url":"https:\/\/pulsociudadano.network\/wp-content\/uploads\/2023\/11\/cropped-301392363_529368922396272_1685931149298827625_n-1.jpg","url2x":"https:\/\/pulsociudadano.network\/wp-content\/uploads\/2023\/11\/cropped-301392363_529368922396272_1685931149298827625_n-1.jpg"},"0":null,"1":"","2":"","3":"","4":"","5":"","6":"","7":"","8":""}],"_links":{"self":[{"href":"https:\/\/pulsociudadano.network\/index.php\/wp-json\/wp\/v2\/posts\/2729","targetHints":{"allow":["GET"]}}],"collection":[{"href":"https:\/\/pulsociudadano.network\/index.php\/wp-json\/wp\/v2\/posts"}],"about":[{"href":"https:\/\/pulsociudadano.network\/index.php\/wp-json\/wp\/v2\/types\/post"}],"author":[{"embeddable":true,"href":"https:\/\/pulsociudadano.network\/index.php\/wp-json\/wp\/v2\/users\/6"}],"replies":[{"embeddable":true,"href":"https:\/\/pulsociudadano.network\/index.php\/wp-json\/wp\/v2\/comments?post=2729"}],"version-history":[{"count":1,"href":"https:\/\/pulsociudadano.network\/index.php\/wp-json\/wp\/v2\/posts\/2729\/revisions"}],"predecessor-version":[{"id":2731,"href":"https:\/\/pulsociudadano.network\/index.php\/wp-json\/wp\/v2\/posts\/2729\/revisions\/2731"}],"wp:featuredmedia":[{"embeddable":true,"href":"https:\/\/pulsociudadano.network\/index.php\/wp-json\/wp\/v2\/media\/2733"}],"wp:attachment":[{"href":"https:\/\/pulsociudadano.network\/index.php\/wp-json\/wp\/v2\/media?parent=2729"}],"wp:term":[{"taxonomy":"category","embeddable":true,"href":"https:\/\/pulsociudadano.network\/index.php\/wp-json\/wp\/v2\/categories?post=2729"},{"taxonomy":"post_tag","embeddable":true,"href":"https:\/\/pulsociudadano.network\/index.php\/wp-json\/wp\/v2\/tags?post=2729"},{"taxonomy":"author","embeddable":true,"href":"https:\/\/pulsociudadano.network\/index.php\/wp-json\/wp\/v2\/ppma_author?post=2729"}],"curies":[{"name":"wp","href":"https:\/\/api.w.org\/{rel}","templated":true}]}}