{"id":2726,"date":"2026-03-04T10:50:29","date_gmt":"2026-03-04T16:50:29","guid":{"rendered":"https:\/\/pulsociudadano.network\/?p=2726"},"modified":"2026-03-04T10:50:30","modified_gmt":"2026-03-04T16:50:30","slug":"ale-rojo-de-la-vega-entrega-rehabilitacion-de-plaza-rio-de-janeiro-tendra-vigilancia-y-ordenamiento-permanente","status":"publish","type":"post","link":"https:\/\/pulsociudadano.network\/index.php\/2026\/03\/04\/ale-rojo-de-la-vega-entrega-rehabilitacion-de-plaza-rio-de-janeiro-tendra-vigilancia-y-ordenamiento-permanente\/","title":{"rendered":"ALE ROJO DE LA VEGA ENTREGA REHABILITACI\u00d3N DE PLAZA R\u00cdO DE JANEIRO; TENDR\u00c1 VIGILANCIA Y ORDENAMIENTO PERMANENTE"},"content":{"rendered":"<br \/><br \/>_* M\u00e1s de 11 mil metros cuadrados intervenidos en la colonia Roma Norte._<br \/>_* No m\u00e1s franeleros que cobren por estacionarse ni nuevos puestos de comercio en v\u00eda p\u00fablica en la zona._<br \/><br \/><br \/>Despu\u00e9s de m\u00e1s de 40 a\u00f1os sin una intervenci\u00f3n integral, la alcaldesa Alessandra Rojo de la Vega entreg\u00f3 la rehabilitaci\u00f3n de la Plaza R\u00edo de Janeiro, en la colonia Roma Norte<br \/><br \/>De acuerdo con la Direcci\u00f3n General de Obras y Desarrollo Urbano, se atendieron m\u00e1s de 11 mil metros cuadrados con colocaci\u00f3n de nuevo adoqu\u00edn tipo Cruz de Tabasco, construcci\u00f3n de banquetas permeables, renovaci\u00f3n de luminarias, rehabilitaci\u00f3n de bancas y mobiliario urbano, as\u00ed como la restauraci\u00f3n de la escultura del \u201cDavid\u201d, figura emblem\u00e1tica del parque.<br \/><br \/>Durante la entrega, la alcaldesa se\u00f1al\u00f3 que la recuperaci\u00f3n responde a una demanda vecinal de a\u00f1os y sostuvo que el abandono del espacio p\u00fablico no puede normalizarse. \u201cDurante m\u00e1s de 40 a\u00f1os este parque fue abandonado. Nos quisieron acostumbrar al descuido, pero hoy demostramos con hechos que se puede hacer diferente. Este espacio vuelve a ser de ustedes\u201d, afirm\u00f3.<br \/><br \/>La mandataria anunci\u00f3 que, a partir de ahora, la plaza contar\u00e1 con vigilancia permanente por parte de la Polic\u00eda Auxiliar de la demarcaci\u00f3n y que el ordenamiento en el entorno ser\u00e1 constante.<br \/><br \/>Como parte de estas acciones, se retirar\u00e1n franeleros que cobren por el uso de la v\u00eda p\u00fablica, al tratarse de una falta administrativa, y no se permitir\u00e1 la instalaci\u00f3n de nuevos puestos de comercio ambulante en la zona. Tambi\u00e9n se supervisar\u00e1 que terrazas y enseres mercantiles respeten los espacios peatonales.<br \/><br \/>\u201cNo m\u00e1s cobros ilegales por estacionarse, no m\u00e1s abusos en banquetas. Vamos a mantener el orden de manera permanente\u201d, puntualiz\u00f3 Ale Rojo de la Vega.<br \/><br \/>Con esta entrega, la Plaza R\u00edo de Janeiro se suma a las intervenciones que se realizan de manera continua en distintos puntos de la alcald\u00eda, donde la recuperaci\u00f3n del espacio p\u00fablico incluye obra, iluminaci\u00f3n, vigilancia y garantizar el respeto a las reglas que regulan su uso.<br \/><br \/>A partir de hoy, este parque vuelve a estar iluminado, vigilado y en condiciones para su uso diario. La Alcald\u00eda Cuauht\u00e9moc hace un llamado a las familias para apropiarse de la Plaza R\u00edo de Janeiro, porque la recuperaci\u00f3n no termina con la inauguraci\u00f3n: comienza con su uso y cuidado permanente.","protected":false},"excerpt":{"rendered":"<p>_* M\u00e1s de 11 mil metros cuadrados intervenidos en la colonia Roma Norte.__* No m\u00e1s franeleros que cobren por estacionarse ni nuevos puestos de comercio en v\u00eda p\u00fablica en la zona._ Despu\u00e9s de m\u00e1s de 40 a\u00f1os sin una intervenci\u00f3n integral, la alcaldesa Alessandra Rojo de la Vega entreg\u00f3 la rehabilitaci\u00f3n de la Plaza R\u00edo [&hellip;]<\/p>\n","protected":false},"author":6,"featured_media":2730,"comment_status":"open","ping_status":"open","sticky":false,"template":"","format":"standard","meta":{"footnotes":""},"categories":[1],"tags":[],"ppma_author":[43],"class_list":["post-2726","post","type-post","status-publish","format-standard","has-post-thumbnail","hentry","category-blog"],"authors":[{"term_id":43,"user_id":6,"is_guest":0,"slug":"staff","display_name":"STAFF","avatar_url":{"url":"https:\/\/pulsociudadano.network\/wp-content\/uploads\/2023\/11\/cropped-301392363_529368922396272_1685931149298827625_n-1.jpg","url2x":"https:\/\/pulsociudadano.network\/wp-content\/uploads\/2023\/11\/cropped-301392363_529368922396272_1685931149298827625_n-1.jpg"},"0":null,"1":"","2":"","3":"","4":"","5":"","6":"","7":"","8":""}],"_links":{"self":[{"href":"https:\/\/pulsociudadano.network\/index.php\/wp-json\/wp\/v2\/posts\/2726","targetHints":{"allow":["GET"]}}],"collection":[{"href":"https:\/\/pulsociudadano.network\/index.php\/wp-json\/wp\/v2\/posts"}],"about":[{"href":"https:\/\/pulsociudadano.network\/index.php\/wp-json\/wp\/v2\/types\/post"}],"author":[{"embeddable":true,"href":"https:\/\/pulsociudadano.network\/index.php\/wp-json\/wp\/v2\/users\/6"}],"replies":[{"embeddable":true,"href":"https:\/\/pulsociudadano.network\/index.php\/wp-json\/wp\/v2\/comments?post=2726"}],"version-history":[{"count":1,"href":"https:\/\/pulsociudadano.network\/index.php\/wp-json\/wp\/v2\/posts\/2726\/revisions"}],"predecessor-version":[{"id":2728,"href":"https:\/\/pulsociudadano.network\/index.php\/wp-json\/wp\/v2\/posts\/2726\/revisions\/2728"}],"wp:featuredmedia":[{"embeddable":true,"href":"https:\/\/pulsociudadano.network\/index.php\/wp-json\/wp\/v2\/media\/2730"}],"wp:attachment":[{"href":"https:\/\/pulsociudadano.network\/index.php\/wp-json\/wp\/v2\/media?parent=2726"}],"wp:term":[{"taxonomy":"category","embeddable":true,"href":"https:\/\/pulsociudadano.network\/index.php\/wp-json\/wp\/v2\/categories?post=2726"},{"taxonomy":"post_tag","embeddable":true,"href":"https:\/\/pulsociudadano.network\/index.php\/wp-json\/wp\/v2\/tags?post=2726"},{"taxonomy":"author","embeddable":true,"href":"https:\/\/pulsociudadano.network\/index.php\/wp-json\/wp\/v2\/ppma_author?post=2726"}],"curies":[{"name":"wp","href":"https:\/\/api.w.org\/{rel}","templated":true}]}}