{"id":2723,"date":"2026-03-04T10:49:09","date_gmt":"2026-03-04T16:49:09","guid":{"rendered":"https:\/\/pulsociudadano.network\/?p=2723"},"modified":"2026-03-04T10:49:10","modified_gmt":"2026-03-04T16:49:10","slug":"ale-rojo-de-la-vega-y-bbva-mexico-entregan-rehabilitacion-de-plaza-lieja","status":"publish","type":"post","link":"https:\/\/pulsociudadano.network\/index.php\/2026\/03\/04\/ale-rojo-de-la-vega-y-bbva-mexico-entregan-rehabilitacion-de-plaza-lieja\/","title":{"rendered":"ALE ROJO DE LA VEGA Y BBVA M\u00c9XICO ENTREGAN REHABILITACI\u00d3N DE PLAZA LIEJA"},"content":{"rendered":"<br \/>_* La instituci\u00f3n financiera se suma a la estrategia Renace Cuauht\u00e9moc, impulsada por la alcaldesa para recuperar y dignificar el espacio p\u00fablico._<br \/>_* La recuperaci\u00f3n del espacio p\u00fablico para devolverlo a las familias requiere sumar capacidades y voluntades, afirma la mandataria._<br \/><br \/><br \/>La alcaldesa de Cuauht\u00e9moc, Alessandra Rojo de la Vega y el vicepresidente y director general de BBVA M\u00e9xico, Eduardo Osuna Osuna, entregaron la rehabililtaci\u00f3n de la Plaza Lieja, ubicada a la altura del n\u00famero 510 de Paseo de la Reforma. Esta obra fue posible gracias a una estrategia de colaboraci\u00f3n p\u00fablico-privada que busca acelerar la remodelaci\u00f3n y dignificaci\u00f3n del espacio p\u00fablico en la demarcaci\u00f3n, permitiendo que vecinas, vecinos y trabajadores que transitan por la zona vuelvan a apropiarse de este espacio.<br \/><br \/>Eduardo Osuna Osuna, vicepresidente y director general de BBVA M\u00e9xico, destac\u00f3 que la inversi\u00f3n cercana a los 10 millones de pesos responde al compromiso social de la instituci\u00f3n con el entorno donde opera.<br \/><br \/>\u201cEsta plaza es un punto de entrada muy importante al Bosque de Chapultepec y una zona de tr\u00e1nsito clave para la ciudad. Queremos contribuir a que sea un espacio seguro, limpio y bien cuidado para quienes lo usan todos los d\u00edas: trabajadores, vecinos y visitantes. Nuestro reto ahora es mantenerla as\u00ed, como un entorno que conviva con una de las avenidas m\u00e1s importantes del pa\u00eds\u201d, expres\u00f3.<br \/><br \/>Por su parte, la alcaldesa Ale Rojo de la Vega subray\u00f3 que la recuperaci\u00f3n del espacio p\u00fablico no es solo una obra f\u00edsica, sino una decisi\u00f3n de fondo. \u201cDurante a\u00f1os nos quisieron acostumbrar al abandono, como si fuera normal caminar con miedo o ver nuestras plazas oscuras y descuidadas. Eso se termin\u00f3. Cuando se abandona el espacio p\u00fablico se rompe la paz y la confianza de una comunidad, y nosotras decidimos no ser espectadoras de la decadencia, sino arquitectas de la recuperaci\u00f3n\u201d, afirm\u00f3.<br \/><br \/>La mandataria agreg\u00f3 que Plaza Lieja deja de ser un punto olvidado para convertirse en un espacio seguro y digno para miles de personas que transitan por Paseo de la Reforma. \u201cEste es el resultado de reglas claras y objetivos compartidos. Cuando gobierno y sector privado trabajan con responsabilidad, los resultados se ven. Plaza Lieja no solo se remodela, se rescata, y ese es el esp\u00edritu de Renace Cuauht\u00e9moc: devolverle a la gente lo que siempre fue suyo\u201d, puntualiz\u00f3.<br \/><br \/>Esta intervenci\u00f3n se suma a las obras de recuperaci\u00f3n de espacios que impulsa la mandataria en colonias como Santa Mar\u00eda la Ribera, Roma Norte, Obrera, Hip\u00f3dromo Condesa, Doctores y Centro, donde se rehabilitan parques, se reencarpetan vialidades estrat\u00e9gicas y se construyen banquetas permeables que mejoran la seguridad peatonal y ayudan a mitigar inundaciones.<br \/><br \/>Derivado de la colaboraci\u00f3n entre BBVA M\u00e9xico y la Alcald\u00eda Cuauht\u00e9moc, la recuperaci\u00f3n del espacio p\u00fablico se traduce en mejor conectividad, mayor convivencia comunitaria y una ciudad que responde a las necesidades de sus habitantes y visitantes.","protected":false},"excerpt":{"rendered":"<p>_* La instituci\u00f3n financiera se suma a la estrategia Renace Cuauht\u00e9moc, impulsada por la alcaldesa para recuperar y dignificar el espacio p\u00fablico.__* La recuperaci\u00f3n del espacio p\u00fablico para devolverlo a las familias requiere sumar capacidades y voluntades, afirma la mandataria._ La alcaldesa de Cuauht\u00e9moc, Alessandra Rojo de la Vega y el vicepresidente y director general [&hellip;]<\/p>\n","protected":false},"author":6,"featured_media":2727,"comment_status":"open","ping_status":"open","sticky":false,"template":"","format":"standard","meta":{"footnotes":""},"categories":[1],"tags":[],"ppma_author":[43],"class_list":["post-2723","post","type-post","status-publish","format-standard","has-post-thumbnail","hentry","category-blog"],"authors":[{"term_id":43,"user_id":6,"is_guest":0,"slug":"staff","display_name":"STAFF","avatar_url":{"url":"https:\/\/pulsociudadano.network\/wp-content\/uploads\/2023\/11\/cropped-301392363_529368922396272_1685931149298827625_n-1.jpg","url2x":"https:\/\/pulsociudadano.network\/wp-content\/uploads\/2023\/11\/cropped-301392363_529368922396272_1685931149298827625_n-1.jpg"},"0":null,"1":"","2":"","3":"","4":"","5":"","6":"","7":"","8":""}],"_links":{"self":[{"href":"https:\/\/pulsociudadano.network\/index.php\/wp-json\/wp\/v2\/posts\/2723","targetHints":{"allow":["GET"]}}],"collection":[{"href":"https:\/\/pulsociudadano.network\/index.php\/wp-json\/wp\/v2\/posts"}],"about":[{"href":"https:\/\/pulsociudadano.network\/index.php\/wp-json\/wp\/v2\/types\/post"}],"author":[{"embeddable":true,"href":"https:\/\/pulsociudadano.network\/index.php\/wp-json\/wp\/v2\/users\/6"}],"replies":[{"embeddable":true,"href":"https:\/\/pulsociudadano.network\/index.php\/wp-json\/wp\/v2\/comments?post=2723"}],"version-history":[{"count":1,"href":"https:\/\/pulsociudadano.network\/index.php\/wp-json\/wp\/v2\/posts\/2723\/revisions"}],"predecessor-version":[{"id":2725,"href":"https:\/\/pulsociudadano.network\/index.php\/wp-json\/wp\/v2\/posts\/2723\/revisions\/2725"}],"wp:featuredmedia":[{"embeddable":true,"href":"https:\/\/pulsociudadano.network\/index.php\/wp-json\/wp\/v2\/media\/2727"}],"wp:attachment":[{"href":"https:\/\/pulsociudadano.network\/index.php\/wp-json\/wp\/v2\/media?parent=2723"}],"wp:term":[{"taxonomy":"category","embeddable":true,"href":"https:\/\/pulsociudadano.network\/index.php\/wp-json\/wp\/v2\/categories?post=2723"},{"taxonomy":"post_tag","embeddable":true,"href":"https:\/\/pulsociudadano.network\/index.php\/wp-json\/wp\/v2\/tags?post=2723"},{"taxonomy":"author","embeddable":true,"href":"https:\/\/pulsociudadano.network\/index.php\/wp-json\/wp\/v2\/ppma_author?post=2723"}],"curies":[{"name":"wp","href":"https:\/\/api.w.org\/{rel}","templated":true}]}}