{"id":2489,"date":"2026-01-28T13:58:22","date_gmt":"2026-01-28T19:58:22","guid":{"rendered":"https:\/\/pulsociudadano.network\/?p=2489"},"modified":"2026-01-28T13:58:23","modified_gmt":"2026-01-28T19:58:23","slug":"desabasto-criminal-de-medicamentos-provocado-por-la-incompetencia-de-morena-ha-costado-de-millones-de-vidas","status":"publish","type":"post","link":"https:\/\/pulsociudadano.network\/index.php\/2026\/01\/28\/desabasto-criminal-de-medicamentos-provocado-por-la-incompetencia-de-morena-ha-costado-de-millones-de-vidas\/","title":{"rendered":"DESABASTO CRIMINAL DE MEDICAMENTOS PROVOCADO POR LA INCOMPETENCIA DE MORENA HA COSTADO DE MILLONES DE VIDAS"},"content":{"rendered":"<br \/><br \/>\u2022 La dirigencia nacional del tricolor destac\u00f3 que entre 2018 y 2025 se dejaron de surtir m\u00e1s de 80 millones de recetas.<br \/><br \/>\u2022 Indic\u00f3 que m\u00e1s de 800 mil muertes por diabetes y m\u00e1s de 630 mil por c\u00e1ncer est\u00e1n asociadas a la falta de medicamentos.<br \/><br \/>\u2022 El Presidente del CEN del PRI, Alejandro Moreno, se\u00f1al\u00f3 que es una pesadilla que golpea a millones por las malas decisiones de los gobiernos de Morena y exigi\u00f3 que ponga fin a esta pol\u00edtica p\u00fablica de sufrimiento y abandono.<br \/><br \/>El desabasto criminal de medicamentos provocado por la incompetencia de Morena en m\u00e1s de siete a\u00f1os ha costado la vida a millones de mexicanos, afirm\u00f3 la dirigencia nacional del Partido Revolucionario Institucional (PRI), encabezado por su Presidente, Alejandro Moreno, al advertir que el pueblo de M\u00e9xico exige soluciones reales a ese problema.<br \/><br \/>En ese sentido, el senador y dirigente nacional del PRI, Alejandro Moreno, dijo que en los hospitales faltan medicinas y en las casas sobra la angustia. \u201cPacientes esperando tratamientos, familias buscando lo que deber\u00eda estar garantizado. El #DesabastoCriminal es una pesadilla que golpea a millones por las malas decisiones de los gobiernos de Morena\u201d, asever\u00f3.<br \/><br \/>Record\u00f3 que se advirti\u00f3, se se\u00f1al\u00f3 y aun as\u00ed no corrigieron, porque \u201cla incompetencia se volvi\u00f3 costumbre y la salud qued\u00f3 en el olvido\u201d.<br \/>Por ello, indic\u00f3 que cuando faltan medicamentos, falla el Estado y las consecuencias siempre las paga la gente. Destac\u00f3 que, desde el PRI, \u201cexigimos que se ponga fin a esta pol\u00edtica p\u00fablica de sufrimiento y abandono\u201d.<br \/><br \/>En un video publicado en sus redes sociales, con la etiqueta #DesabastoCriminal, el Comit\u00e9 Ejecutivo Nacional (CEN) del instituto pol\u00edtico inform\u00f3 que de 2018 a 2025 se dejaron de surtir m\u00e1s de 80 millones de recetas.<br \/><br \/>Asimismo, sostuvo que m\u00e1s de 800 mil muertes por diabetes y m\u00e1s de 630 mil por c\u00e1ncer est\u00e1n asociadas a la falta de medicamentos.<br \/>\u201cEn Morena son brutos e ineptos para todo\u201d, puntualiz\u00f3 el CEN.<br \/><br \/>En el video, se hace alusi\u00f3n a la inauguraci\u00f3n de la costosa \u201cMegafarmacia\u201d con la que, seg\u00fan el gobierno de Morena, se dar\u00eda soluci\u00f3n al desabasto de medicinas y que, ante su fracaso, fue desaparecida.<br \/><br \/>Como parte de la escena se muestra la \u201cMegafarmacia\u201d con un sinn\u00famero de anaqueles vac\u00edos, y un funcionario con chaleco de Morena presume:<br \/><br \/>-\u00a1Y esta es la Megafarmacia!<br \/>-\u00bfY las medicinas? \u2013Pregunta una se\u00f1ora.<br \/>-Ah, \u00bfquer\u00edan medicinas?<br \/><br \/>La dirigencia nacional del PRI expresa que \u201cya basta de payasadas\u201d, pues el pueblo exige soluciones reales al problema del desabasto.<br \/>Los datos citados son del Colectivo Cero Desabasto, Radiograf\u00eda del Desabasto de Medicamentos en M\u00e9xico.","protected":false},"excerpt":{"rendered":"<p>\u2022 La dirigencia nacional del tricolor destac\u00f3 que entre 2018 y 2025 se dejaron de surtir m\u00e1s de 80 millones de recetas. \u2022 Indic\u00f3 que m\u00e1s de 800 mil muertes por diabetes y m\u00e1s de 630 mil por c\u00e1ncer est\u00e1n asociadas a la falta de medicamentos. \u2022 El Presidente del CEN del PRI, Alejandro Moreno, [&hellip;]<\/p>\n","protected":false},"author":6,"featured_media":2493,"comment_status":"open","ping_status":"open","sticky":false,"template":"","format":"standard","meta":{"footnotes":""},"categories":[1],"tags":[],"ppma_author":[43],"class_list":["post-2489","post","type-post","status-publish","format-standard","has-post-thumbnail","hentry","category-blog"],"authors":[{"term_id":43,"user_id":6,"is_guest":0,"slug":"staff","display_name":"STAFF","avatar_url":{"url":"https:\/\/pulsociudadano.network\/wp-content\/uploads\/2023\/11\/cropped-301392363_529368922396272_1685931149298827625_n-1.jpg","url2x":"https:\/\/pulsociudadano.network\/wp-content\/uploads\/2023\/11\/cropped-301392363_529368922396272_1685931149298827625_n-1.jpg"},"0":null,"1":"","2":"","3":"","4":"","5":"","6":"","7":"","8":""}],"_links":{"self":[{"href":"https:\/\/pulsociudadano.network\/index.php\/wp-json\/wp\/v2\/posts\/2489","targetHints":{"allow":["GET"]}}],"collection":[{"href":"https:\/\/pulsociudadano.network\/index.php\/wp-json\/wp\/v2\/posts"}],"about":[{"href":"https:\/\/pulsociudadano.network\/index.php\/wp-json\/wp\/v2\/types\/post"}],"author":[{"embeddable":true,"href":"https:\/\/pulsociudadano.network\/index.php\/wp-json\/wp\/v2\/users\/6"}],"replies":[{"embeddable":true,"href":"https:\/\/pulsociudadano.network\/index.php\/wp-json\/wp\/v2\/comments?post=2489"}],"version-history":[{"count":1,"href":"https:\/\/pulsociudadano.network\/index.php\/wp-json\/wp\/v2\/posts\/2489\/revisions"}],"predecessor-version":[{"id":2491,"href":"https:\/\/pulsociudadano.network\/index.php\/wp-json\/wp\/v2\/posts\/2489\/revisions\/2491"}],"wp:featuredmedia":[{"embeddable":true,"href":"https:\/\/pulsociudadano.network\/index.php\/wp-json\/wp\/v2\/media\/2493"}],"wp:attachment":[{"href":"https:\/\/pulsociudadano.network\/index.php\/wp-json\/wp\/v2\/media?parent=2489"}],"wp:term":[{"taxonomy":"category","embeddable":true,"href":"https:\/\/pulsociudadano.network\/index.php\/wp-json\/wp\/v2\/categories?post=2489"},{"taxonomy":"post_tag","embeddable":true,"href":"https:\/\/pulsociudadano.network\/index.php\/wp-json\/wp\/v2\/tags?post=2489"},{"taxonomy":"author","embeddable":true,"href":"https:\/\/pulsociudadano.network\/index.php\/wp-json\/wp\/v2\/ppma_author?post=2489"}],"curies":[{"name":"wp","href":"https:\/\/api.w.org\/{rel}","templated":true}]}}