{"id":2486,"date":"2026-01-28T13:57:08","date_gmt":"2026-01-28T19:57:08","guid":{"rendered":"https:\/\/pulsociudadano.network\/?p=2486"},"modified":"2026-01-28T13:57:08","modified_gmt":"2026-01-28T19:57:08","slug":"encabeza-alejandro-moreno-reunion-de-evaluacion-con-dirigencias-estatales-del-pri","status":"publish","type":"post","link":"https:\/\/pulsociudadano.network\/index.php\/2026\/01\/28\/encabeza-alejandro-moreno-reunion-de-evaluacion-con-dirigencias-estatales-del-pri\/","title":{"rendered":"ENCABEZA ALEJANDRO MORENO REUNI\u00d3N DE EVALUACI\u00d3N CON DIRIGENCIAS ESTATALES DEL PRI"},"content":{"rendered":"<br \/><br \/>\u2022 El Presidente del CEN del tricolor afirm\u00f3 que \u201cvamos firmes, con rumbo claro y con la fuerza del priismo\u201d.<br \/><br \/>\u2022 Dijo que \u201cestamos unidos, con estrategia, inteligencia y capacidad para fortalecer al partido en el territorio\u201d.<br \/><br \/>El Presidente del Comit\u00e9 Ejecutivo Nacional (CEN) del Partido Revolucionario Institucional (PRI), Alejandro Moreno, encabez\u00f3 hoy una reuni\u00f3n de evaluaci\u00f3n con las 32 dirigencias estatales.<br \/><br \/>Acompa\u00f1ado por la Secretaria General del tricolor, Carolina Viggiano, el senador y dirigente nacional del tricolor asegur\u00f3 que \u201cel PRI sabe gobernar y lo ha demostrado\u201d, porque donde gobierna, los resultados se sienten.<br \/><br \/>En su mensaje durante la reuni\u00f3n, celebrada de manera virtual, el Presidente Alejandro Moreno dijo que de cara a los pr\u00f3ximos retos, en el partido \u201cvamos firmes, con rumbo claro y con la fuerza del priismo\u201d.<br \/><br \/>Expuso que en el tricolor \u201ctenemos estructura, organizaci\u00f3n y un gran equipo en cada estado y en cada municipio. Gente que conoce su territorio, que trabaja y que responde\u201d.<br \/><br \/>En ese sentido, agreg\u00f3 que en el PRI \u201cestamos unidos, con estrategia, inteligencia y capacidad para fortalecer al partido en el territorio. Siempre de la mano de la militancia y siempre cerca de la gente. As\u00ed se construyen resultados reales\u201d.<br \/><br \/>El Presidente del CEN del PRI estuvo acompa\u00f1ado tambi\u00e9n los secretarios de Organizaci\u00f3n, Jorge Meade; de Acci\u00f3n Electoral, Rodrigo Fuentes \u00c1vila; de Operaci\u00f3n Pol\u00edtica, Alejandra Andrade Becerril, y de Gesti\u00f3n Social, Grisel L\u00f3pez Pereznegr\u00f3n, as\u00ed como la Presidenta del partido en el Estado de M\u00e9xico, Cristina Ruiz Sandoval.","protected":false},"excerpt":{"rendered":"<p>\u2022 El Presidente del CEN del tricolor afirm\u00f3 que \u201cvamos firmes, con rumbo claro y con la fuerza del priismo\u201d. \u2022 Dijo que \u201cestamos unidos, con estrategia, inteligencia y capacidad para fortalecer al partido en el territorio\u201d. El Presidente del Comit\u00e9 Ejecutivo Nacional (CEN) del Partido Revolucionario Institucional (PRI), Alejandro Moreno, encabez\u00f3 hoy una reuni\u00f3n [&hellip;]<\/p>\n","protected":false},"author":6,"featured_media":2490,"comment_status":"open","ping_status":"open","sticky":false,"template":"","format":"standard","meta":{"footnotes":""},"categories":[1],"tags":[],"ppma_author":[43],"class_list":["post-2486","post","type-post","status-publish","format-standard","has-post-thumbnail","hentry","category-blog"],"authors":[{"term_id":43,"user_id":6,"is_guest":0,"slug":"staff","display_name":"STAFF","avatar_url":{"url":"https:\/\/pulsociudadano.network\/wp-content\/uploads\/2023\/11\/cropped-301392363_529368922396272_1685931149298827625_n-1.jpg","url2x":"https:\/\/pulsociudadano.network\/wp-content\/uploads\/2023\/11\/cropped-301392363_529368922396272_1685931149298827625_n-1.jpg"},"0":null,"1":"","2":"","3":"","4":"","5":"","6":"","7":"","8":""}],"_links":{"self":[{"href":"https:\/\/pulsociudadano.network\/index.php\/wp-json\/wp\/v2\/posts\/2486","targetHints":{"allow":["GET"]}}],"collection":[{"href":"https:\/\/pulsociudadano.network\/index.php\/wp-json\/wp\/v2\/posts"}],"about":[{"href":"https:\/\/pulsociudadano.network\/index.php\/wp-json\/wp\/v2\/types\/post"}],"author":[{"embeddable":true,"href":"https:\/\/pulsociudadano.network\/index.php\/wp-json\/wp\/v2\/users\/6"}],"replies":[{"embeddable":true,"href":"https:\/\/pulsociudadano.network\/index.php\/wp-json\/wp\/v2\/comments?post=2486"}],"version-history":[{"count":1,"href":"https:\/\/pulsociudadano.network\/index.php\/wp-json\/wp\/v2\/posts\/2486\/revisions"}],"predecessor-version":[{"id":2488,"href":"https:\/\/pulsociudadano.network\/index.php\/wp-json\/wp\/v2\/posts\/2486\/revisions\/2488"}],"wp:featuredmedia":[{"embeddable":true,"href":"https:\/\/pulsociudadano.network\/index.php\/wp-json\/wp\/v2\/media\/2490"}],"wp:attachment":[{"href":"https:\/\/pulsociudadano.network\/index.php\/wp-json\/wp\/v2\/media?parent=2486"}],"wp:term":[{"taxonomy":"category","embeddable":true,"href":"https:\/\/pulsociudadano.network\/index.php\/wp-json\/wp\/v2\/categories?post=2486"},{"taxonomy":"post_tag","embeddable":true,"href":"https:\/\/pulsociudadano.network\/index.php\/wp-json\/wp\/v2\/tags?post=2486"},{"taxonomy":"author","embeddable":true,"href":"https:\/\/pulsociudadano.network\/index.php\/wp-json\/wp\/v2\/ppma_author?post=2486"}],"curies":[{"name":"wp","href":"https:\/\/api.w.org\/{rel}","templated":true}]}}