{"id":2480,"date":"2026-01-28T13:54:40","date_gmt":"2026-01-28T19:54:40","guid":{"rendered":"https:\/\/pulsociudadano.network\/?p=2480"},"modified":"2026-01-28T13:54:40","modified_gmt":"2026-01-28T19:54:40","slug":"pri-esta-listo-para-competir-y-ganar-solo-o-con-alianzas-alejandro-moreno","status":"publish","type":"post","link":"https:\/\/pulsociudadano.network\/index.php\/2026\/01\/28\/pri-esta-listo-para-competir-y-ganar-solo-o-con-alianzas-alejandro-moreno\/","title":{"rendered":"PRI EST\u00c1 LISTO PARA COMPETIR Y GANAR, SOLO O CON ALIANZAS: ALEJANDRO MORENO"},"content":{"rendered":"<br \/> <br \/>\u2022 El Presidente del CEN del instituto pol\u00edtico adelant\u00f3 que rumbo al 2030, el tricolor va a encabezar la reconstrucci\u00f3n nacional.<br \/><br \/>\u2022 Llam\u00f3 a la comunidad internacional, a los gobiernos democr\u00e1ticos, a los organismos multilaterales y a quienes creen en la libertad, a que est\u00e9n muy atentos de lo que pasa en M\u00e9xico.<br \/><br \/>En un encuentro con la militancia priista de Durango, acompa\u00f1ado por el gobernador Esteban Villegas, el Presidente del Comit\u00e9 Ejecutivo Nacional (CEN) del Partido Revolucionario Institucional, Alejandro Moreno, asegur\u00f3 el PRI est\u00e1 listo para competir y ganar el 2027 y el 2030, ya sea construyendo alianzas con otras fuerzas pol\u00edticas o compitiendo solo.<br \/><br \/>En el acto, en el que se reconoci\u00f3 el gran trabajo del mandatario estatal en favor de las familias duranguenses, que lo ha colocado como uno de los mejor calificados, sostuvo que rumbo a 2030, el PRI va a encabezar la reconstrucci\u00f3n nacional, no por capricho ni por ambici\u00f3n personal, sino porque M\u00e9xico necesita liderazgo con car\u00e1cter.<br \/><br \/>\u201cNo improvisados. No aventureros. No ocurrencias. No enclenques ni tibios, de esos que avientan la piedra y esconden la mano, ni de los que a la menor provocaci\u00f3n salen despavoridos o se esconden tras las redes sociales\u201d, advirti\u00f3 el senador y dirigente nacional del PRI.<br \/><br \/>En su mensaje ante los priistas de la entidad, acompa\u00f1ado por la Secretaria General del CEN, Carolina Viggiano; los Coordinadores del PRI en la C\u00e1mara de Diputados y el Senado, Rub\u00e9n Moreira y Manuel A\u00f1orve, as\u00ed como la dirigencia del tricolor en Durando, encabezada por Daniela Soto Hern\u00e1ndez, el senador y dirigente nacional precis\u00f3 lo que est\u00e1 en juego es el futuro de M\u00e9xico.<br \/><br \/>Expuso que en Morena son brutos para todo y m\u00e1s para gobernar, y eso se siente en las calles. \u201cAh\u00ed est\u00e1n las protestas. La gente est\u00e1 harta, cansada y con ganas de alzar la voz. M\u00e9dicos, transportistas, comerciantes, productores; hablamos de la gente cuyo trabajo sostiene a este pa\u00eds\u201d, indic\u00f3.<br \/>El Presidente Alejandro Moreno argument\u00f3 que Morena no solo es un mal gobierno, es el peor mal para M\u00e9xico, ya que en siete a\u00f1os han destruido el pa\u00eds. Explic\u00f3 que eliminaron los equilibrios democr\u00e1ticos que cost\u00f3 d\u00e9cadas construir, terminaron con los contrapesos, la divisi\u00f3n de poderes, sometieron el Poder Judicial; pisotearon la rendici\u00f3n cuentas y han destruido el modelo democr\u00e1tico.<br \/><br \/>En ese sentido, destac\u00f3 que primero se robaron la mayor\u00eda en el Congreso, que no les dio el pueblo, despu\u00e9s utilizan el poder para acallar y para perseguir a quien piensa distinto.<br \/><br \/>Por otra parte, el Presidente del CEN del PRI advirti\u00f3 que el gobierno de Estados Unidos tiene puesta la mirada en M\u00e9xico porque sabe que estos c\u00ednicos y corruptos de Morena tienen un pacto directo con el crimen organizado, y eso, mientras no cambie, lo va a sufrir todos los d\u00edas el pueblo de M\u00e9xico.<br \/><br \/>Precis\u00f3 a Morena que \u201caceptar ayuda no es entregar a la naci\u00f3n. La cooperaci\u00f3n internacional no es sometimiento. Enti\u00e9ndalo bien. Est\u00e1n rebasados. No pueden con el pa\u00eds y el pueblo de M\u00e9xico est\u00e1 pagando las consecuencias. Un pa\u00eds sin instituciones fuertes, es un pa\u00eds d\u00e9bil frente al mundo y nos ponen en riesgo a todos los mexicanos\u201d.<br \/><br \/>Dej\u00f3 en claro que \u201ceste pa\u00eds no se entrega. Este pa\u00eds se defiende y, si para defenderlo, hay que seguir levantando la voz, aunque incomode al poder, lo vamos a seguir haciendo aqu\u00ed, y lo vamos a seguir haciendo en todo el mundo\u201d.<br \/><br \/>Por ello, hizo un llamado a la comunidad internacional, a los gobiernos democr\u00e1ticos, a los organismos multilaterales y a quienes creen en la libertad, a que est\u00e9n muy atentos de lo que pasa en M\u00e9xico, para que sepan qui\u00e9nes son los impresentables, los c\u00ednicos y corruptos de Morena, que est\u00e1n entregando al pa\u00eds al crimen organizado.","protected":false},"excerpt":{"rendered":"<p>\u2022 El Presidente del CEN del instituto pol\u00edtico adelant\u00f3 que rumbo al 2030, el tricolor va a encabezar la reconstrucci\u00f3n nacional. \u2022 Llam\u00f3 a la comunidad internacional, a los gobiernos democr\u00e1ticos, a los organismos multilaterales y a quienes creen en la libertad, a que est\u00e9n muy atentos de lo que pasa en M\u00e9xico. En un [&hellip;]<\/p>\n","protected":false},"author":6,"featured_media":2484,"comment_status":"open","ping_status":"open","sticky":false,"template":"","format":"standard","meta":{"footnotes":""},"categories":[1],"tags":[],"ppma_author":[43],"class_list":["post-2480","post","type-post","status-publish","format-standard","has-post-thumbnail","hentry","category-blog"],"authors":[{"term_id":43,"user_id":6,"is_guest":0,"slug":"staff","display_name":"STAFF","avatar_url":{"url":"https:\/\/pulsociudadano.network\/wp-content\/uploads\/2023\/11\/cropped-301392363_529368922396272_1685931149298827625_n-1.jpg","url2x":"https:\/\/pulsociudadano.network\/wp-content\/uploads\/2023\/11\/cropped-301392363_529368922396272_1685931149298827625_n-1.jpg"},"0":null,"1":"","2":"","3":"","4":"","5":"","6":"","7":"","8":""}],"_links":{"self":[{"href":"https:\/\/pulsociudadano.network\/index.php\/wp-json\/wp\/v2\/posts\/2480","targetHints":{"allow":["GET"]}}],"collection":[{"href":"https:\/\/pulsociudadano.network\/index.php\/wp-json\/wp\/v2\/posts"}],"about":[{"href":"https:\/\/pulsociudadano.network\/index.php\/wp-json\/wp\/v2\/types\/post"}],"author":[{"embeddable":true,"href":"https:\/\/pulsociudadano.network\/index.php\/wp-json\/wp\/v2\/users\/6"}],"replies":[{"embeddable":true,"href":"https:\/\/pulsociudadano.network\/index.php\/wp-json\/wp\/v2\/comments?post=2480"}],"version-history":[{"count":1,"href":"https:\/\/pulsociudadano.network\/index.php\/wp-json\/wp\/v2\/posts\/2480\/revisions"}],"predecessor-version":[{"id":2482,"href":"https:\/\/pulsociudadano.network\/index.php\/wp-json\/wp\/v2\/posts\/2480\/revisions\/2482"}],"wp:featuredmedia":[{"embeddable":true,"href":"https:\/\/pulsociudadano.network\/index.php\/wp-json\/wp\/v2\/media\/2484"}],"wp:attachment":[{"href":"https:\/\/pulsociudadano.network\/index.php\/wp-json\/wp\/v2\/media?parent=2480"}],"wp:term":[{"taxonomy":"category","embeddable":true,"href":"https:\/\/pulsociudadano.network\/index.php\/wp-json\/wp\/v2\/categories?post=2480"},{"taxonomy":"post_tag","embeddable":true,"href":"https:\/\/pulsociudadano.network\/index.php\/wp-json\/wp\/v2\/tags?post=2480"},{"taxonomy":"author","embeddable":true,"href":"https:\/\/pulsociudadano.network\/index.php\/wp-json\/wp\/v2\/ppma_author?post=2480"}],"curies":[{"name":"wp","href":"https:\/\/api.w.org\/{rel}","templated":true}]}}