{"id":2474,"date":"2026-01-28T13:52:02","date_gmt":"2026-01-28T19:52:02","guid":{"rendered":"https:\/\/pulsociudadano.network\/?p=2474"},"modified":"2026-01-28T13:52:03","modified_gmt":"2026-01-28T19:52:03","slug":"proteccion-civil-de-cuauhtemoc-brinda-atencion-a-personas-lesionadas-tras-accidentes-de-transito","status":"publish","type":"post","link":"https:\/\/pulsociudadano.network\/index.php\/2026\/01\/28\/proteccion-civil-de-cuauhtemoc-brinda-atencion-a-personas-lesionadas-tras-accidentes-de-transito\/","title":{"rendered":"PROTECCI\u00d3N CIVIL DE CUAUHT\u00c9MOC BRINDA ATENCI\u00d3N A PERSONAS LESIONADAS TRAS ACCIDENTES DE TR\u00c1NSITO"},"content":{"rendered":"<br \/>Personal de la Direcci\u00f3n de Gesti\u00f3n Integral de Riesgos y Protecci\u00f3n Civil de la Alcald\u00eda Cuauht\u00e9moc atendi\u00f3 dos accidentes de tr\u00e1nsito ocurridos en distintos puntos de la demarcaci\u00f3n, en los que resultaron personas lesionadas y fue necesaria la intervenci\u00f3n inmediata de los servicios de emergencia.<br \/><br \/>El primer hecho se registr\u00f3 en el cruce de Mario Moreno y Paseo de la Reforma, en la colonia Guerrero, donde se report\u00f3 un choque con personas heridas. <br \/><br \/>Al llegar al lugar, los equipos de Protecci\u00f3n Civil localizaron a dos personas lesionadas, una menor de 16 a\u00f1os presentaba golpes de consideraci\u00f3n y fracturas en un brazo y en una pierna, por lo que fue trasladada a un hospital para recibir atenci\u00f3n m\u00e9dica especializada. <br \/><br \/>Asimismo, un joven de 19 a\u00f1os fue atendido por lesiones graves en la cabeza y dificultades para respirar, motivo por el cual recibi\u00f3 atenci\u00f3n prehospitalaria y fue trasladado de manera urgente al Hospital Rub\u00e9n Le\u00f1ero.<br \/><br \/>El segundo incidente ocurri\u00f3 sobre Calzada San Antonio Abad, en la colonia Obrera, donde se registr\u00f3 un accidente entre una camioneta y una motocicleta. En la motocicleta viajaban dos personas adultas, quienes fueron valoradas por personal m\u00e9dico y no requirieron traslado. <br \/><br \/>El conductor de la camioneta present\u00f3 lesiones que ameritaron su traslado al Hospital de Balbuena para una revisi\u00f3n m\u00e9dica m\u00e1s completa.<br \/><br \/>En ambos casos, los param\u00e9dicos de PC<br \/>trabajaron de manera coordinada con otras instituciones para brindar atenci\u00f3n oportuna a las personas involucradas, asegurar las zonas de los accidentes y permitir el desarrollo de las diligencias correspondientes. Posteriormente, las aseguradoras se hicieron cargo de los hechos.<br \/><br \/>La Alcald\u00eda Cuauht\u00e9moc refrenda su compromiso de responder con rapidez y profesionalismo ante cualquier emergencia, priorizando siempre la seguridad y el bienestar de la ciudadan\u00eda.","protected":false},"excerpt":{"rendered":"<p>Personal de la Direcci\u00f3n de Gesti\u00f3n Integral de Riesgos y Protecci\u00f3n Civil de la Alcald\u00eda Cuauht\u00e9moc atendi\u00f3 dos accidentes de tr\u00e1nsito ocurridos en distintos puntos de la demarcaci\u00f3n, en los que resultaron personas lesionadas y fue necesaria la intervenci\u00f3n inmediata de los servicios de emergencia. El primer hecho se registr\u00f3 en el cruce de Mario [&hellip;]<\/p>\n","protected":false},"author":6,"featured_media":2478,"comment_status":"open","ping_status":"open","sticky":false,"template":"","format":"standard","meta":{"footnotes":""},"categories":[1],"tags":[],"ppma_author":[43],"class_list":["post-2474","post","type-post","status-publish","format-standard","has-post-thumbnail","hentry","category-blog"],"authors":[{"term_id":43,"user_id":6,"is_guest":0,"slug":"staff","display_name":"STAFF","avatar_url":{"url":"https:\/\/pulsociudadano.network\/wp-content\/uploads\/2023\/11\/cropped-301392363_529368922396272_1685931149298827625_n-1.jpg","url2x":"https:\/\/pulsociudadano.network\/wp-content\/uploads\/2023\/11\/cropped-301392363_529368922396272_1685931149298827625_n-1.jpg"},"0":null,"1":"","2":"","3":"","4":"","5":"","6":"","7":"","8":""}],"_links":{"self":[{"href":"https:\/\/pulsociudadano.network\/index.php\/wp-json\/wp\/v2\/posts\/2474","targetHints":{"allow":["GET"]}}],"collection":[{"href":"https:\/\/pulsociudadano.network\/index.php\/wp-json\/wp\/v2\/posts"}],"about":[{"href":"https:\/\/pulsociudadano.network\/index.php\/wp-json\/wp\/v2\/types\/post"}],"author":[{"embeddable":true,"href":"https:\/\/pulsociudadano.network\/index.php\/wp-json\/wp\/v2\/users\/6"}],"replies":[{"embeddable":true,"href":"https:\/\/pulsociudadano.network\/index.php\/wp-json\/wp\/v2\/comments?post=2474"}],"version-history":[{"count":1,"href":"https:\/\/pulsociudadano.network\/index.php\/wp-json\/wp\/v2\/posts\/2474\/revisions"}],"predecessor-version":[{"id":2476,"href":"https:\/\/pulsociudadano.network\/index.php\/wp-json\/wp\/v2\/posts\/2474\/revisions\/2476"}],"wp:featuredmedia":[{"embeddable":true,"href":"https:\/\/pulsociudadano.network\/index.php\/wp-json\/wp\/v2\/media\/2478"}],"wp:attachment":[{"href":"https:\/\/pulsociudadano.network\/index.php\/wp-json\/wp\/v2\/media?parent=2474"}],"wp:term":[{"taxonomy":"category","embeddable":true,"href":"https:\/\/pulsociudadano.network\/index.php\/wp-json\/wp\/v2\/categories?post=2474"},{"taxonomy":"post_tag","embeddable":true,"href":"https:\/\/pulsociudadano.network\/index.php\/wp-json\/wp\/v2\/tags?post=2474"},{"taxonomy":"author","embeddable":true,"href":"https:\/\/pulsociudadano.network\/index.php\/wp-json\/wp\/v2\/ppma_author?post=2474"}],"curies":[{"name":"wp","href":"https:\/\/api.w.org\/{rel}","templated":true}]}}