{"id":2462,"date":"2026-01-28T13:46:02","date_gmt":"2026-01-28T19:46:02","guid":{"rendered":"https:\/\/pulsociudadano.network\/?p=2462"},"modified":"2026-01-28T13:46:02","modified_gmt":"2026-01-28T19:46:02","slug":"alcaldia-cuauhtemoc-instala-punto-violeta-en-funeraria-y-capacita-a-personal-en-violencia-de-genero","status":"publish","type":"post","link":"https:\/\/pulsociudadano.network\/index.php\/2026\/01\/28\/alcaldia-cuauhtemoc-instala-punto-violeta-en-funeraria-y-capacita-a-personal-en-violencia-de-genero\/","title":{"rendered":"ALCALD\u00cdA CUAUHT\u00c9MOC INSTALA PUNTO VIOLETA EN FUNERARIA Y CAPACITA A PERSONAL EN VIOLENCIA DE G\u00c9NERO"},"content":{"rendered":"<br \/><br \/>Como parte de la estrategia integral para prevenir, atender y combatir la violencia de g\u00e9nero, la alcaldesa Alessandra Rojo de la Vega, la Alcald\u00eda Cuauht\u00e9moc llev\u00f3 a cabo la instalaci\u00f3n de un nuevo Punto Violeta en la Funeraria Gayosso, ubicada en la colonia San Rafael.<br \/><br \/>En el establecimiento personal de la Direcci\u00f3n de Equidad de G\u00e9nero e Igualdad Sustantiva de la Alcald\u00eda Cuauht\u00e9moc capacit\u00f3 a los trabajadores del negocio para actuar de manera correcta ante situaciones de violencia contra mujeres y ni\u00f1as.<br \/><br \/>Los Puntos Violetas son espacios seguros de atenci\u00f3n, orientaci\u00f3n y activaci\u00f3n de la estrategia Reacci\u00f3n Violeta, resultado de la colaboraci\u00f3n entre la Alcald\u00eda Cuauht\u00e9moc y el sector privado, con el objetivo de fortalecer la red de protecci\u00f3n y respuesta inmediata ante situaciones de violencia de g\u00e9nero.<br \/><br \/>Con esta nueva instalaci\u00f3n, la Alcald\u00eda Cuauht\u00e9moc alcanza casi 400 Puntos Violeta en la demarcaci\u00f3n, consolidando una red de espacios seguros y sumando a establecimientos del sector privado como aliados estrat\u00e9gicos para acercar la protecci\u00f3n y la orientaci\u00f3n a las mujeres en contextos cotidianos y de alta sensibilidad.<br \/><br \/>La Alcald\u00eda Cuauht\u00e9moc refrenda que contin\u00faa trabajando en la prevenci\u00f3n, la articulaci\u00f3n intersectorial y la construcci\u00f3n de entornos seguros, reafirmando su compromiso con las mujeres que habitan y transitan el territorio.","protected":false},"excerpt":{"rendered":"<p>Como parte de la estrategia integral para prevenir, atender y combatir la violencia de g\u00e9nero, la alcaldesa Alessandra Rojo de la Vega, la Alcald\u00eda Cuauht\u00e9moc llev\u00f3 a cabo la instalaci\u00f3n de un nuevo Punto Violeta en la Funeraria Gayosso, ubicada en la colonia San Rafael. En el establecimiento personal de la Direcci\u00f3n de Equidad de [&hellip;]<\/p>\n","protected":false},"author":6,"featured_media":2466,"comment_status":"open","ping_status":"open","sticky":false,"template":"","format":"standard","meta":{"footnotes":""},"categories":[1],"tags":[],"ppma_author":[43],"class_list":["post-2462","post","type-post","status-publish","format-standard","has-post-thumbnail","hentry","category-blog"],"authors":[{"term_id":43,"user_id":6,"is_guest":0,"slug":"staff","display_name":"STAFF","avatar_url":{"url":"https:\/\/pulsociudadano.network\/wp-content\/uploads\/2023\/11\/cropped-301392363_529368922396272_1685931149298827625_n-1.jpg","url2x":"https:\/\/pulsociudadano.network\/wp-content\/uploads\/2023\/11\/cropped-301392363_529368922396272_1685931149298827625_n-1.jpg"},"0":null,"1":"","2":"","3":"","4":"","5":"","6":"","7":"","8":""}],"_links":{"self":[{"href":"https:\/\/pulsociudadano.network\/index.php\/wp-json\/wp\/v2\/posts\/2462","targetHints":{"allow":["GET"]}}],"collection":[{"href":"https:\/\/pulsociudadano.network\/index.php\/wp-json\/wp\/v2\/posts"}],"about":[{"href":"https:\/\/pulsociudadano.network\/index.php\/wp-json\/wp\/v2\/types\/post"}],"author":[{"embeddable":true,"href":"https:\/\/pulsociudadano.network\/index.php\/wp-json\/wp\/v2\/users\/6"}],"replies":[{"embeddable":true,"href":"https:\/\/pulsociudadano.network\/index.php\/wp-json\/wp\/v2\/comments?post=2462"}],"version-history":[{"count":1,"href":"https:\/\/pulsociudadano.network\/index.php\/wp-json\/wp\/v2\/posts\/2462\/revisions"}],"predecessor-version":[{"id":2464,"href":"https:\/\/pulsociudadano.network\/index.php\/wp-json\/wp\/v2\/posts\/2462\/revisions\/2464"}],"wp:featuredmedia":[{"embeddable":true,"href":"https:\/\/pulsociudadano.network\/index.php\/wp-json\/wp\/v2\/media\/2466"}],"wp:attachment":[{"href":"https:\/\/pulsociudadano.network\/index.php\/wp-json\/wp\/v2\/media?parent=2462"}],"wp:term":[{"taxonomy":"category","embeddable":true,"href":"https:\/\/pulsociudadano.network\/index.php\/wp-json\/wp\/v2\/categories?post=2462"},{"taxonomy":"post_tag","embeddable":true,"href":"https:\/\/pulsociudadano.network\/index.php\/wp-json\/wp\/v2\/tags?post=2462"},{"taxonomy":"author","embeddable":true,"href":"https:\/\/pulsociudadano.network\/index.php\/wp-json\/wp\/v2\/ppma_author?post=2462"}],"curies":[{"name":"wp","href":"https:\/\/api.w.org\/{rel}","templated":true}]}}