{"id":2459,"date":"2026-01-28T13:44:39","date_gmt":"2026-01-28T19:44:39","guid":{"rendered":"https:\/\/pulsociudadano.network\/?p=2459"},"modified":"2026-01-28T13:44:40","modified_gmt":"2026-01-28T19:44:40","slug":"alessandra-rojo-de-la-vega-llama-a-la-unidad-con-proposito-y-a-la-conciencia-colectiva-ante-los-retos-que-enfrenta-mexico","status":"publish","type":"post","link":"https:\/\/pulsociudadano.network\/index.php\/2026\/01\/28\/alessandra-rojo-de-la-vega-llama-a-la-unidad-con-proposito-y-a-la-conciencia-colectiva-ante-los-retos-que-enfrenta-mexico\/","title":{"rendered":"ALESSANDRA ROJO DE LA VEGA LLAMA A LA UNIDAD CON PROP\u00d3SITO Y A LA CONCIENCIA COLECTIVA ANTE LOS RETOS QUE ENFRENTA M\u00c9XICO"},"content":{"rendered":"<br \/>La alcaldesa Alessandra Rojo de la Vega, sostuvo un encuentro con representantes del sector empresarial, para compartir un an\u00e1lisis del momento pol\u00edtico, econ\u00f3mico y social que atraviesa la Alcald\u00eda Cuauht\u00e9moc, y subray\u00f3 la urgencia de generar conciencia, unidad y corresponsabilidad para enfrentar los desaf\u00edos del pa\u00eds.<br \/><br \/>Adem\u00e1s, durante el encuentro en el Club de Industriales, la edil escuch\u00f3 a vecinas y vecinos, y la titular de la demarcaci\u00f3n habl\u00f3 de c\u00f3mo seguir construyendo, \u00abjuntas y juntos, el mejor gobierno que ha tenido la Alcald\u00eda Cuauht\u00e9moc\u00bb.<br \/><br \/>Rojo de la Vega reconoci\u00f3 el papel estrat\u00e9gico del sector empresarial para aportar estabilidad, legalidad y certidumbre en un entorno complejo: \u201cAqu\u00ed el empresariado mexicano tiene un papel hist\u00f3rico. Ustedes pueden generar unidad, propuestas serias, se\u00f1ales claras de legalidad, de competitividad hacia nuestros socios comerciales, pueden aportar estabilidad donde hoy hay incertidumbre, y en todos esos esfuerzos, y en los que nazcan de sus recomendaciones, van a contar conmigo\u201d.<br \/><br \/>Ante los empresarios y representantes de la sociedad civil, la alcaldesa expuso que gobernar Cuauht\u00e9moc implica enfrentar una presi\u00f3n constante sobre los servicios y el espacio p\u00fablico, derivada de la alta afluencia diaria de personas: \u201cEl reto m\u00e1s importante de la alcald\u00eda Cuauht\u00e9moc es el poco presupuesto. Tenemos un presupuesto para 580 mil habitantes, no para los tres a cinco millones de personas que transitan todos los d\u00edas en Cuauht\u00e9moc\u201d.<br \/><br \/>La alcaldesa reiter\u00f3 que, pese a las limitaciones presupuestales, su gobierno mantiene una visi\u00f3n clara: una Cuauht\u00e9moc cercana, con presencia permanente en las calles y atenci\u00f3n directa a la ciudadan\u00eda; feminista, donde la seguridad y la libertad de ni\u00f1as y mujeres son el eje para construir comunidades seguras; y sustentable, con acciones orientadas al cuidado del medio ambiente y al desarrollo urbano responsable.<br \/><br \/>\u201cYo voy a estar donde la gente quiera que est\u00e9. Yo puedo seguir luchando por mi pa\u00eds, donde quiera que est\u00e9, pero primero los resultados y primero hacer un buen gobierno en Cuauht\u00e9moc\u201d.<br \/><br \/>Finalmente, la alcaldesa llam\u00f3 a mantener la uni\u00f3n y la conciencia colectiva para impulsar un verdadero cambio, fortalecer la democracia y construir, desde lo local, un mejor futuro para M\u00e9xico.","protected":false},"excerpt":{"rendered":"<p>La alcaldesa Alessandra Rojo de la Vega, sostuvo un encuentro con representantes del sector empresarial, para compartir un an\u00e1lisis del momento pol\u00edtico, econ\u00f3mico y social que atraviesa la Alcald\u00eda Cuauht\u00e9moc, y subray\u00f3 la urgencia de generar conciencia, unidad y corresponsabilidad para enfrentar los desaf\u00edos del pa\u00eds. Adem\u00e1s, durante el encuentro en el Club de Industriales, [&hellip;]<\/p>\n","protected":false},"author":6,"featured_media":2463,"comment_status":"open","ping_status":"open","sticky":false,"template":"","format":"standard","meta":{"footnotes":""},"categories":[1],"tags":[],"ppma_author":[43],"class_list":["post-2459","post","type-post","status-publish","format-standard","has-post-thumbnail","hentry","category-blog"],"authors":[{"term_id":43,"user_id":6,"is_guest":0,"slug":"staff","display_name":"STAFF","avatar_url":{"url":"https:\/\/pulsociudadano.network\/wp-content\/uploads\/2023\/11\/cropped-301392363_529368922396272_1685931149298827625_n-1.jpg","url2x":"https:\/\/pulsociudadano.network\/wp-content\/uploads\/2023\/11\/cropped-301392363_529368922396272_1685931149298827625_n-1.jpg"},"0":null,"1":"","2":"","3":"","4":"","5":"","6":"","7":"","8":""}],"_links":{"self":[{"href":"https:\/\/pulsociudadano.network\/index.php\/wp-json\/wp\/v2\/posts\/2459","targetHints":{"allow":["GET"]}}],"collection":[{"href":"https:\/\/pulsociudadano.network\/index.php\/wp-json\/wp\/v2\/posts"}],"about":[{"href":"https:\/\/pulsociudadano.network\/index.php\/wp-json\/wp\/v2\/types\/post"}],"author":[{"embeddable":true,"href":"https:\/\/pulsociudadano.network\/index.php\/wp-json\/wp\/v2\/users\/6"}],"replies":[{"embeddable":true,"href":"https:\/\/pulsociudadano.network\/index.php\/wp-json\/wp\/v2\/comments?post=2459"}],"version-history":[{"count":1,"href":"https:\/\/pulsociudadano.network\/index.php\/wp-json\/wp\/v2\/posts\/2459\/revisions"}],"predecessor-version":[{"id":2461,"href":"https:\/\/pulsociudadano.network\/index.php\/wp-json\/wp\/v2\/posts\/2459\/revisions\/2461"}],"wp:featuredmedia":[{"embeddable":true,"href":"https:\/\/pulsociudadano.network\/index.php\/wp-json\/wp\/v2\/media\/2463"}],"wp:attachment":[{"href":"https:\/\/pulsociudadano.network\/index.php\/wp-json\/wp\/v2\/media?parent=2459"}],"wp:term":[{"taxonomy":"category","embeddable":true,"href":"https:\/\/pulsociudadano.network\/index.php\/wp-json\/wp\/v2\/categories?post=2459"},{"taxonomy":"post_tag","embeddable":true,"href":"https:\/\/pulsociudadano.network\/index.php\/wp-json\/wp\/v2\/tags?post=2459"},{"taxonomy":"author","embeddable":true,"href":"https:\/\/pulsociudadano.network\/index.php\/wp-json\/wp\/v2\/ppma_author?post=2459"}],"curies":[{"name":"wp","href":"https:\/\/api.w.org\/{rel}","templated":true}]}}