{"id":2454,"date":"2026-01-22T14:01:00","date_gmt":"2026-01-22T20:01:00","guid":{"rendered":"https:\/\/pulsociudadano.network\/?p=2454"},"modified":"2026-01-22T14:01:00","modified_gmt":"2026-01-22T20:01:00","slug":"proteccion-civil-de-cuauhtemoc-rescata-a-persona-en-situacion-vulnerable-que-estaba-atrapada-entre-dos-edificios","status":"publish","type":"post","link":"https:\/\/pulsociudadano.network\/index.php\/2026\/01\/22\/proteccion-civil-de-cuauhtemoc-rescata-a-persona-en-situacion-vulnerable-que-estaba-atrapada-entre-dos-edificios\/","title":{"rendered":"PROTECCI\u00d3N CIVIL DE CUAUHT\u00c9MOC RESCATA A PERSONA EN SITUACI\u00d3N VULNERABLE QUE ESTABA ATRAPADA ENTRE DOS EDIFICIOS"},"content":{"rendered":"<br \/><br \/>Personal de la Direcci\u00f3n de Gesti\u00f3n Integral de Riesgos y Protecci\u00f3n Civil de la Alcald\u00eda Cuauht\u00e9moc, junto con elementos del Heroico Cuerpo de Bomberos, rescataron a una persona en situaci\u00f3n vulnerable que se encontraba atrapada entre dos edificios que est\u00e1n en el cruce de las calles Mina y Arista, colonia Buenavista. <br \/><br \/>Mediante un reporte ciudadano que fue canalizado por Base Diana, se solicit\u00f3 el apoyo de la unidad PC002 para brindar apoyo al hombre que se encontraba atrapado entre dos edificaciones.<br \/><br \/>En coordinaci\u00f3n con los bomberos, personal de Protecci\u00f3n Civil (PC) de la alcald\u00eda realiz\u00f3 maniobras para el retiro de una l\u00e1mina que ocultaba el espacio entre ambos inmuebles, donde se encontraba la persona afectada. Una vez liberado, fue valorado dentro de la ambulancia. <br \/><br \/>Param\u00e9dicos determinaron que presentaba abrasiones en t\u00f3rax y abdomen, as\u00ed como en extremidades superiores e inferiores.<br \/><br \/>Posteriormente, la persona solicit\u00f3 apoyo para ser trasladada a una estaci\u00f3n del Sistema de Transporte Colectivo (STC) Metro ubicada en la colonia Buenavista.<br \/><br \/>El gobierno encabezado por Ale Rojo de la Vega, sigue trabajando todos los d\u00edas para ser los primeros respondientes ante situaciones de emergencia y salvaguardar la integridad de las vecinas, vecinos y todo aquel que transite por esta demarcaci\u00f3n.","protected":false},"excerpt":{"rendered":"<p>Personal de la Direcci\u00f3n de Gesti\u00f3n Integral de Riesgos y Protecci\u00f3n Civil de la Alcald\u00eda Cuauht\u00e9moc, junto con elementos del Heroico Cuerpo de Bomberos, rescataron a una persona en situaci\u00f3n vulnerable que se encontraba atrapada entre dos edificios que est\u00e1n en el cruce de las calles Mina y Arista, colonia Buenavista. Mediante un reporte ciudadano [&hellip;]<\/p>\n","protected":false},"author":6,"featured_media":0,"comment_status":"open","ping_status":"open","sticky":false,"template":"","format":"standard","meta":{"footnotes":""},"categories":[1],"tags":[],"ppma_author":[43],"class_list":["post-2454","post","type-post","status-publish","format-standard","hentry","category-blog"],"authors":[{"term_id":43,"user_id":6,"is_guest":0,"slug":"staff","display_name":"STAFF","avatar_url":{"url":"https:\/\/pulsociudadano.network\/wp-content\/uploads\/2023\/11\/cropped-301392363_529368922396272_1685931149298827625_n-1.jpg","url2x":"https:\/\/pulsociudadano.network\/wp-content\/uploads\/2023\/11\/cropped-301392363_529368922396272_1685931149298827625_n-1.jpg"},"0":null,"1":"","2":"","3":"","4":"","5":"","6":"","7":"","8":""}],"_links":{"self":[{"href":"https:\/\/pulsociudadano.network\/index.php\/wp-json\/wp\/v2\/posts\/2454","targetHints":{"allow":["GET"]}}],"collection":[{"href":"https:\/\/pulsociudadano.network\/index.php\/wp-json\/wp\/v2\/posts"}],"about":[{"href":"https:\/\/pulsociudadano.network\/index.php\/wp-json\/wp\/v2\/types\/post"}],"author":[{"embeddable":true,"href":"https:\/\/pulsociudadano.network\/index.php\/wp-json\/wp\/v2\/users\/6"}],"replies":[{"embeddable":true,"href":"https:\/\/pulsociudadano.network\/index.php\/wp-json\/wp\/v2\/comments?post=2454"}],"version-history":[{"count":1,"href":"https:\/\/pulsociudadano.network\/index.php\/wp-json\/wp\/v2\/posts\/2454\/revisions"}],"predecessor-version":[{"id":2456,"href":"https:\/\/pulsociudadano.network\/index.php\/wp-json\/wp\/v2\/posts\/2454\/revisions\/2456"}],"wp:attachment":[{"href":"https:\/\/pulsociudadano.network\/index.php\/wp-json\/wp\/v2\/media?parent=2454"}],"wp:term":[{"taxonomy":"category","embeddable":true,"href":"https:\/\/pulsociudadano.network\/index.php\/wp-json\/wp\/v2\/categories?post=2454"},{"taxonomy":"post_tag","embeddable":true,"href":"https:\/\/pulsociudadano.network\/index.php\/wp-json\/wp\/v2\/tags?post=2454"},{"taxonomy":"author","embeddable":true,"href":"https:\/\/pulsociudadano.network\/index.php\/wp-json\/wp\/v2\/ppma_author?post=2454"}],"curies":[{"name":"wp","href":"https:\/\/api.w.org\/{rel}","templated":true}]}}