{"id":2442,"date":"2026-01-22T13:54:10","date_gmt":"2026-01-22T19:54:10","guid":{"rendered":"https:\/\/pulsociudadano.network\/?p=2442"},"modified":"2026-01-22T13:54:11","modified_gmt":"2026-01-22T19:54:11","slug":"cuauhtemoc-rinde-homenaje-a-jose-alfredo-jimenez-en-el-centenario-de-su-nacimiento-desde-el-corazon-de-garibaldi","status":"publish","type":"post","link":"https:\/\/pulsociudadano.network\/index.php\/2026\/01\/22\/cuauhtemoc-rinde-homenaje-a-jose-alfredo-jimenez-en-el-centenario-de-su-nacimiento-desde-el-corazon-de-garibaldi\/","title":{"rendered":"CUAUHT\u00c9MOC RINDE HOMENAJE A JOS\u00c9 ALFREDO JIM\u00c9NEZ EN EL CENTENARIO DE SU NACIMIENTO DESDE EL CORAZ\u00d3N DE GARIBALDI"},"content":{"rendered":"<br \/><br \/><br \/>*La Alcald\u00eda Cuauht\u00e9moc continuar\u00e1 impulsando actividades culturales que refuercen la identidad y el uso de los espacios p\u00fablicos.-<br \/><br \/><br \/>Al ritmo del mariachi y desde la Plaza de Garibaldi, la alcaldesa Alessandra Rojo de la Vega encabez\u00f3 el evento para rendir homenaje a la memoria y m\u00fasica de Jos\u00e9 Alfredo Jim\u00e9nez, por el centenario de su natalicio, por ser una de las figuras m\u00e1s emblem\u00e1ticas de la m\u00fasica popular mexicana.<br \/><br \/>Durante su mensaje, la titular de la Alcald\u00eda Cuauht\u00e9moc destac\u00f3 que Jos\u00e9 Alfredo Jim\u00e9nez no solo forma parte de la historia musical del pa\u00eds, sino de la vida cotidiana de millones de personas.<br \/><br \/>\u201cJos\u00e9 Alfredo no escribi\u00f3 canciones, \u00e9l escribi\u00f3 el gui\u00f3n de nuestras vidas. Fue el arquitecto de nuestra educaci\u00f3n sentimental\u201d, expres\u00f3 la edil ante vecinas, vecinos y visitantes reunidos en Garibaldi.<br \/><br \/>Rojo de la Vega subray\u00f3 que este homenaje tiene un significado especial para la demarcaci\u00f3n, al tratarse de un creador profundamente ligado al territorio.<br \/><br \/><br \/>\u201cPara la Alcald\u00eda Cuauht\u00e9moc, Jos\u00e9 Alfredo no es un busto de bronce ni una fecha en el calendario. Jos\u00e9 Alfredo es territorio. Estas calles que pisamos fueron su escenario, fueron su refugio\u201d, se\u00f1al\u00f3, recordando que barrios como Santa Mar\u00eda la Ribera marcaron su sensibilidad art\u00edstica y su obra universal.<br \/><br \/>Entre aplausos y un ambiente festivo, la alcaldesa agradeci\u00f3 la presencia de familiares, representantes del \u00e1mbito cultural y art\u00edstico, as\u00ed como de las y los vecinos que dan vida a los espacios p\u00fablicos de la alcald\u00eda.<br \/><br \/>Reconoci\u00f3 especialmente a quienes han preservado y difundido el legado del compositor, y reiter\u00f3 que este centenario no se limita a una sola fecha, sino que se extender\u00e1 a lo largo del a\u00f1o con actividades culturales en distintos puntos de la demarcaci\u00f3n.<br \/><br \/>\u201cDurante todo el a\u00f1o vamos a convertir cada rinc\u00f3n de esta alcald\u00eda en un escenario para su obra, porque honrar a Jos\u00e9 Alfredo es honrar nuestra propia esencia como mexicanas y mexicanos\u201d, afirm\u00f3.<br \/><br \/>Finalmente, la alcaldesa reafirm\u00f3 la visi\u00f3n cultural de su gobierno y el papel de la m\u00fasica como herramienta de identidad y uni\u00f3n social; \u201cvamos a seguir recuperando nuestros espacios p\u00fablicos y fortaleciendo nuestra cultura. Porque un pueblo que canta unido es un pueblo que no olvida de d\u00f3nde viene\u201d.<br \/><br \/>En el evento tambi\u00e9n estuvieron presentes: \u00c1ngel Jim\u00e9nez, en representaci\u00f3n de la familia de Jos\u00e9 Alfredo Jim\u00e9nez; la Sociedad de Autores y Compositores de M\u00e9xico (SACM); Carlos Navarrete, fundador del Club de Amigos de Jos\u00e9 Alfredo Jim\u00e9nez; Mar\u00eda Elena Leal, hija de Lola Beltr\u00e1n, m\u00e1xima exponente de la canci\u00f3n ranchera; Gabriel Sol\u00eds, hijo del \u00edcono del bolero ranchero Javier Sol\u00eds; Percy, nieto de la emblem\u00e1tica pareja rom\u00e1ntica Carmela y Rafael; Mariachi Los Gavilanes de Jos\u00e9 Alfredo Jim\u00e9nez, agrupaci\u00f3n dirigida por Enrique Cruz, fundada por su hijo Jos\u00e9 Alfredo Jim\u00e9nez G\u00e1lvez.","protected":false},"excerpt":{"rendered":"<p>*La Alcald\u00eda Cuauht\u00e9moc continuar\u00e1 impulsando actividades culturales que refuercen la identidad y el uso de los espacios p\u00fablicos.- Al ritmo del mariachi y desde la Plaza de Garibaldi, la alcaldesa Alessandra Rojo de la Vega encabez\u00f3 el evento para rendir homenaje a la memoria y m\u00fasica de Jos\u00e9 Alfredo Jim\u00e9nez, por el centenario de su [&hellip;]<\/p>\n","protected":false},"author":6,"featured_media":2446,"comment_status":"open","ping_status":"open","sticky":false,"template":"","format":"standard","meta":{"footnotes":""},"categories":[1],"tags":[],"ppma_author":[43],"class_list":["post-2442","post","type-post","status-publish","format-standard","has-post-thumbnail","hentry","category-blog"],"authors":[{"term_id":43,"user_id":6,"is_guest":0,"slug":"staff","display_name":"STAFF","avatar_url":{"url":"https:\/\/pulsociudadano.network\/wp-content\/uploads\/2023\/11\/cropped-301392363_529368922396272_1685931149298827625_n-1.jpg","url2x":"https:\/\/pulsociudadano.network\/wp-content\/uploads\/2023\/11\/cropped-301392363_529368922396272_1685931149298827625_n-1.jpg"},"0":null,"1":"","2":"","3":"","4":"","5":"","6":"","7":"","8":""}],"_links":{"self":[{"href":"https:\/\/pulsociudadano.network\/index.php\/wp-json\/wp\/v2\/posts\/2442","targetHints":{"allow":["GET"]}}],"collection":[{"href":"https:\/\/pulsociudadano.network\/index.php\/wp-json\/wp\/v2\/posts"}],"about":[{"href":"https:\/\/pulsociudadano.network\/index.php\/wp-json\/wp\/v2\/types\/post"}],"author":[{"embeddable":true,"href":"https:\/\/pulsociudadano.network\/index.php\/wp-json\/wp\/v2\/users\/6"}],"replies":[{"embeddable":true,"href":"https:\/\/pulsociudadano.network\/index.php\/wp-json\/wp\/v2\/comments?post=2442"}],"version-history":[{"count":1,"href":"https:\/\/pulsociudadano.network\/index.php\/wp-json\/wp\/v2\/posts\/2442\/revisions"}],"predecessor-version":[{"id":2444,"href":"https:\/\/pulsociudadano.network\/index.php\/wp-json\/wp\/v2\/posts\/2442\/revisions\/2444"}],"wp:featuredmedia":[{"embeddable":true,"href":"https:\/\/pulsociudadano.network\/index.php\/wp-json\/wp\/v2\/media\/2446"}],"wp:attachment":[{"href":"https:\/\/pulsociudadano.network\/index.php\/wp-json\/wp\/v2\/media?parent=2442"}],"wp:term":[{"taxonomy":"category","embeddable":true,"href":"https:\/\/pulsociudadano.network\/index.php\/wp-json\/wp\/v2\/categories?post=2442"},{"taxonomy":"post_tag","embeddable":true,"href":"https:\/\/pulsociudadano.network\/index.php\/wp-json\/wp\/v2\/tags?post=2442"},{"taxonomy":"author","embeddable":true,"href":"https:\/\/pulsociudadano.network\/index.php\/wp-json\/wp\/v2\/ppma_author?post=2442"}],"curies":[{"name":"wp","href":"https:\/\/api.w.org\/{rel}","templated":true}]}}