{"id":2433,"date":"2026-01-22T13:50:13","date_gmt":"2026-01-22T19:50:13","guid":{"rendered":"https:\/\/pulsociudadano.network\/?p=2433"},"modified":"2026-01-22T13:50:14","modified_gmt":"2026-01-22T19:50:14","slug":"con-morena-mexico-dejo-de-ser-un-socio-estrategico-global-y-se-volvio-irrelevante-alejandro-moreno","status":"publish","type":"post","link":"https:\/\/pulsociudadano.network\/index.php\/2026\/01\/22\/con-morena-mexico-dejo-de-ser-un-socio-estrategico-global-y-se-volvio-irrelevante-alejandro-moreno\/","title":{"rendered":"CON MORENA, M\u00c9XICO DEJ\u00d3 DE SER UN SOCIO ESTRAT\u00c9GICO GLOBAL Y SE VOLVI\u00d3 IRRELEVANTE: ALEJANDRO MORENO"},"content":{"rendered":"<br \/><br \/>\u2022 El Presidente del CEN del PRI dijo que si el T-MEC es irrelevante para Estados Unidos, como asever\u00f3 Donald Trump, eso es reflejo de lo que el gobierno de Morena ha provocado.<br \/><br \/>\u2022 Destac\u00f3 que con el PRI M\u00e9xico fue protagonista en el comercio global, pero hoy somos vistos como un pa\u00eds sin rumbo, incapaz de defender su lugar en el mundo.<br \/><br \/>Con el gobierno de Morena, M\u00e9xico pas\u00f3 de ser un socio estrat\u00e9gico a ser irrelevante en el marco internacional, afirm\u00f3 el Presidente del Comit\u00e9 Ejecutivo Nacional (CEN) del Partido Revolucionario Institucional (PRI), Alejandro Moreno, luego de que el mandatario de Estados Unidos, Donald Trump, rest\u00f3 importancia al T-MEC.<br \/><br \/>El senador y dirigente nacional del tricolor se\u00f1al\u00f3 que el Presidente de los Estados Unidos declar\u00f3 que el T-MEC es irrelevante para su pa\u00eds, y consider\u00f3 que \u201cese es el reflejo de lo que Morena ha provocado\u201d.<br \/><br \/>A trav\u00e9s de un mensaje en sus redes sociales, el l\u00edder nacional del PRI asegur\u00f3 que Morena destruye la confianza, destruye la inversi\u00f3n y destruye el prestigio que M\u00e9xico hab\u00eda construido durante d\u00e9cadas.<br \/><br \/>El Presidente Alejandro Moreno dijo que, con el PRI, M\u00e9xico fue protagonista en el comercio global, con tratados que abrieron mercados y dieron certidumbre.<br \/><br \/>Sin embargo, agreg\u00f3, \u201choy, con Morena, somos vistos como un pa\u00eds sin rumbo, incapaz de defender su lugar en el mundo\u201d.","protected":false},"excerpt":{"rendered":"<p>\u2022 El Presidente del CEN del PRI dijo que si el T-MEC es irrelevante para Estados Unidos, como asever\u00f3 Donald Trump, eso es reflejo de lo que el gobierno de Morena ha provocado. \u2022 Destac\u00f3 que con el PRI M\u00e9xico fue protagonista en el comercio global, pero hoy somos vistos como un pa\u00eds sin rumbo, [&hellip;]<\/p>\n","protected":false},"author":6,"featured_media":2437,"comment_status":"open","ping_status":"open","sticky":false,"template":"","format":"standard","meta":{"footnotes":""},"categories":[1],"tags":[],"ppma_author":[43],"class_list":["post-2433","post","type-post","status-publish","format-standard","has-post-thumbnail","hentry","category-blog"],"authors":[{"term_id":43,"user_id":6,"is_guest":0,"slug":"staff","display_name":"STAFF","avatar_url":{"url":"https:\/\/pulsociudadano.network\/wp-content\/uploads\/2023\/11\/cropped-301392363_529368922396272_1685931149298827625_n-1.jpg","url2x":"https:\/\/pulsociudadano.network\/wp-content\/uploads\/2023\/11\/cropped-301392363_529368922396272_1685931149298827625_n-1.jpg"},"0":null,"1":"","2":"","3":"","4":"","5":"","6":"","7":"","8":""}],"_links":{"self":[{"href":"https:\/\/pulsociudadano.network\/index.php\/wp-json\/wp\/v2\/posts\/2433","targetHints":{"allow":["GET"]}}],"collection":[{"href":"https:\/\/pulsociudadano.network\/index.php\/wp-json\/wp\/v2\/posts"}],"about":[{"href":"https:\/\/pulsociudadano.network\/index.php\/wp-json\/wp\/v2\/types\/post"}],"author":[{"embeddable":true,"href":"https:\/\/pulsociudadano.network\/index.php\/wp-json\/wp\/v2\/users\/6"}],"replies":[{"embeddable":true,"href":"https:\/\/pulsociudadano.network\/index.php\/wp-json\/wp\/v2\/comments?post=2433"}],"version-history":[{"count":1,"href":"https:\/\/pulsociudadano.network\/index.php\/wp-json\/wp\/v2\/posts\/2433\/revisions"}],"predecessor-version":[{"id":2435,"href":"https:\/\/pulsociudadano.network\/index.php\/wp-json\/wp\/v2\/posts\/2433\/revisions\/2435"}],"wp:featuredmedia":[{"embeddable":true,"href":"https:\/\/pulsociudadano.network\/index.php\/wp-json\/wp\/v2\/media\/2437"}],"wp:attachment":[{"href":"https:\/\/pulsociudadano.network\/index.php\/wp-json\/wp\/v2\/media?parent=2433"}],"wp:term":[{"taxonomy":"category","embeddable":true,"href":"https:\/\/pulsociudadano.network\/index.php\/wp-json\/wp\/v2\/categories?post=2433"},{"taxonomy":"post_tag","embeddable":true,"href":"https:\/\/pulsociudadano.network\/index.php\/wp-json\/wp\/v2\/tags?post=2433"},{"taxonomy":"author","embeddable":true,"href":"https:\/\/pulsociudadano.network\/index.php\/wp-json\/wp\/v2\/ppma_author?post=2433"}],"curies":[{"name":"wp","href":"https:\/\/api.w.org\/{rel}","templated":true}]}}