{"id":2427,"date":"2026-01-22T13:47:02","date_gmt":"2026-01-22T19:47:02","guid":{"rendered":"https:\/\/pulsociudadano.network\/?p=2427"},"modified":"2026-01-22T13:47:02","modified_gmt":"2026-01-22T19:47:02","slug":"proteccion-civil-brinda-atencion-a-lesionado-con-arma-blanca-en-tlatelolco","status":"publish","type":"post","link":"https:\/\/pulsociudadano.network\/index.php\/2026\/01\/22\/proteccion-civil-brinda-atencion-a-lesionado-con-arma-blanca-en-tlatelolco\/","title":{"rendered":"PROTECCI\u00d3N CIVIL BRINDA ATENCI\u00d3N A LESIONADO CON ARMA BLANCA EN TLATELOLCO"},"content":{"rendered":"<br \/><br \/>Personal de Protecci\u00f3n Civil de la Alcald\u00eda Cuauht\u00e9moc brind\u00f3 atenci\u00f3n m\u00e9dica a un hombre de 34 a\u00f1os de edad por una lesi\u00f3n de arma blanca que presentaba en el t\u00f3rax.<br \/><br \/>Los param\u00e9dicos atendieron al lesionado en la esquina de Lerdo y Manuel Gonz\u00e1lez, Tlatelolco, tras un reporte de emergencia emitido a Base Diana.<br \/><br \/>En el lugar, los elementos de Protecci\u00f3n Civil realizaron la valoraci\u00f3n del herido y llevaron a cabo la estabilizaci\u00f3n del lesionado.<br \/><br \/>Posteriormente, en una unidad m\u00e9dica lo trasladaron a un hospital p\u00fablico, donde recibi\u00f3 la atenci\u00f3n m\u00e9dica correspondiente.<br \/><br \/>Las autoridades ministeriales y jurisdiccionales ser\u00e1n las encargadas de dar seguimiento al lesionado y determinar c\u00f3mo se desarrollaron los hechos en los que el hombre result\u00f3 herido.<br \/><br \/>Por instrucciones de la alcaldesa Alessandra Rojo de la Vega, se mantienen dispositivos de vigilancia y seguridad para brindar atenci\u00f3n oportuna a emergencias y otorgar  protecci\u00f3n a la ciudadan\u00eda.","protected":false},"excerpt":{"rendered":"<p>Personal de Protecci\u00f3n Civil de la Alcald\u00eda Cuauht\u00e9moc brind\u00f3 atenci\u00f3n m\u00e9dica a un hombre de 34 a\u00f1os de edad por una lesi\u00f3n de arma blanca que presentaba en el t\u00f3rax. Los param\u00e9dicos atendieron al lesionado en la esquina de Lerdo y Manuel Gonz\u00e1lez, Tlatelolco, tras un reporte de emergencia emitido a Base Diana. En el [&hellip;]<\/p>\n","protected":false},"author":6,"featured_media":2431,"comment_status":"open","ping_status":"open","sticky":false,"template":"","format":"standard","meta":{"footnotes":""},"categories":[1],"tags":[],"ppma_author":[43],"class_list":["post-2427","post","type-post","status-publish","format-standard","has-post-thumbnail","hentry","category-blog"],"authors":[{"term_id":43,"user_id":6,"is_guest":0,"slug":"staff","display_name":"STAFF","avatar_url":{"url":"https:\/\/pulsociudadano.network\/wp-content\/uploads\/2023\/11\/cropped-301392363_529368922396272_1685931149298827625_n-1.jpg","url2x":"https:\/\/pulsociudadano.network\/wp-content\/uploads\/2023\/11\/cropped-301392363_529368922396272_1685931149298827625_n-1.jpg"},"0":null,"1":"","2":"","3":"","4":"","5":"","6":"","7":"","8":""}],"_links":{"self":[{"href":"https:\/\/pulsociudadano.network\/index.php\/wp-json\/wp\/v2\/posts\/2427","targetHints":{"allow":["GET"]}}],"collection":[{"href":"https:\/\/pulsociudadano.network\/index.php\/wp-json\/wp\/v2\/posts"}],"about":[{"href":"https:\/\/pulsociudadano.network\/index.php\/wp-json\/wp\/v2\/types\/post"}],"author":[{"embeddable":true,"href":"https:\/\/pulsociudadano.network\/index.php\/wp-json\/wp\/v2\/users\/6"}],"replies":[{"embeddable":true,"href":"https:\/\/pulsociudadano.network\/index.php\/wp-json\/wp\/v2\/comments?post=2427"}],"version-history":[{"count":1,"href":"https:\/\/pulsociudadano.network\/index.php\/wp-json\/wp\/v2\/posts\/2427\/revisions"}],"predecessor-version":[{"id":2429,"href":"https:\/\/pulsociudadano.network\/index.php\/wp-json\/wp\/v2\/posts\/2427\/revisions\/2429"}],"wp:featuredmedia":[{"embeddable":true,"href":"https:\/\/pulsociudadano.network\/index.php\/wp-json\/wp\/v2\/media\/2431"}],"wp:attachment":[{"href":"https:\/\/pulsociudadano.network\/index.php\/wp-json\/wp\/v2\/media?parent=2427"}],"wp:term":[{"taxonomy":"category","embeddable":true,"href":"https:\/\/pulsociudadano.network\/index.php\/wp-json\/wp\/v2\/categories?post=2427"},{"taxonomy":"post_tag","embeddable":true,"href":"https:\/\/pulsociudadano.network\/index.php\/wp-json\/wp\/v2\/tags?post=2427"},{"taxonomy":"author","embeddable":true,"href":"https:\/\/pulsociudadano.network\/index.php\/wp-json\/wp\/v2\/ppma_author?post=2427"}],"curies":[{"name":"wp","href":"https:\/\/api.w.org\/{rel}","templated":true}]}}