{"id":2422,"date":"2026-01-22T13:44:22","date_gmt":"2026-01-22T19:44:22","guid":{"rendered":"https:\/\/pulsociudadano.network\/?p=2422"},"modified":"2026-01-22T13:44:23","modified_gmt":"2026-01-22T19:44:23","slug":"alcaldia-cuauhtemoc-firma-convenio-para-fortalecer-la-atencion-a-personas-de-poblacion-prioritaria-y-convocaron-a-funcion-de-box-con-un-kilo-de-frijol-o-arroz","status":"publish","type":"post","link":"https:\/\/pulsociudadano.network\/index.php\/2026\/01\/22\/alcaldia-cuauhtemoc-firma-convenio-para-fortalecer-la-atencion-a-personas-de-poblacion-prioritaria-y-convocaron-a-funcion-de-box-con-un-kilo-de-frijol-o-arroz\/","title":{"rendered":"ALCALD\u00cdA CUAUHT\u00c9MOC FIRMA CONVENIO PARA FORTALECER LA ATENCI\u00d3N A PERSONAS DE POBLACI\u00d3N PRIORITARIA Y CONVOCARON A FUNCI\u00d3N DE BOX CON UN KILO DE FRIJOL O ARROZ"},"content":{"rendered":"<br \/>*Durante el evento se anunci\u00f3 la funci\u00f3n de box estelar con causa social, que se llevar\u00e1 a cabo el 17 de enero de 2026, a las 17:00 horas, en el Deportivo Cuauht\u00e9moc, y que ser\u00e1 transmitida a nivel nacional.-<br \/><br \/><br \/>La alcaldesa de Cuauht\u00e9moc, Alessandra Rojo de la Vega firm\u00f3 un convenio de colaboraci\u00f3n con el Centro de Desintoxicaci\u00f3n para el Tratamiento contra las Adicciones \u201cRenace\u201d, para fortalecer la rehabilitaci\u00f3n, reinserci\u00f3n social y el desarrollo integral de j\u00f3venes que enfrentan problemas de adicci\u00f3n.<br \/><br \/>Durante el evento se anunci\u00f3 la funci\u00f3n de box estelar con causa social, que se llevar\u00e1 a cabo el 17 de enero de 2026, a las 17:00 horas, en el Deportivo Cuauht\u00e9moc, y que ser\u00e1 transmitida a nivel nacional.<br \/><br \/>La entrada a esta funci\u00f3n no tendr\u00e1 costo monetario. Como parte de la din\u00e1mica se solicitar\u00e1 un kilo de arroz o un kilo de frijol, donativos que permitir\u00e1n fortalecer la operaci\u00f3n de 63 centros de rehabilitaci\u00f3n de la Asociaci\u00f3n que atienden diariamente a personas en proceso de recuperaci\u00f3n.<br \/><br \/>\u201cLa pelea m\u00e1s dura hoy ocurre fuera del ring. Las adicciones no se combaten con rechazo, se combaten acompa\u00f1ando y dando oportunidades\u201d, afirm\u00f3 la alcaldesa.<br \/><br \/>Rojo de la Vega subray\u00f3 que esta acci\u00f3n forma parte de una pol\u00edtica p\u00fablica integral que apuesta por el deporte y la recuperaci\u00f3n de espacios como motores de cambio social. En ese sentido, destac\u00f3 que durante el presente a\u00f1o de gobierno se impuls\u00f3 el programa \u201c\u00c9ntrale con los Atletas\u201d, beneficiando a 200 deportistas, adem\u00e1s de alcanzar una cosecha hist\u00f3rica de 96 medallas en los Juegos Juveniles e Infantiles 2025.<br \/><br \/>Por su parte, Mauricio Sulaim\u00e1n, presidente del Consejo Mundial del Boxeo (CMB), declar\u00f3 que; \u00abtener una l\u00edder como nuestra alcaldesa Alessandra con esta pasi\u00f3n, con este enfoque hacia el deporte y hacia su gente, que eso es lo \u00fanico que vale. Yo admiro a quien dedica su vida a servir y estoy viendo como Alessandra Rojo de la Vega tiene ese foco y esa \u00fanica preocupaci\u00f3n y prioridad que es servir a los dem\u00e1s. Por eso el Consejo Mundial del Boxeo el d\u00eda de hoy est\u00e1 aqu\u00ed con mucho entusiasmo\u00bb.<br \/><br \/>Adem\u00e1s, revel\u00f3 que las actividades con la Alcald\u00eda Cuauht\u00e9moc continuar\u00e1n para este a\u00f1o que acaba de iniciar.<br \/><br \/>\u00abVamos a hacer una serie de actividades durante el a\u00f1o, donde vamos a estar muy ligados. Se estar\u00e1 anunciando el plan de trabajo para lo que es el boxeo y las alcald\u00edas, las clases p\u00fablicas, todo lo que se pretende hacer porque, repito, el boxeo es el deporte de los mexicanos y encontrando eco en las autoridades es la \u00fanica manera de poder encontrar oportunidades para ustedes que lo merecen\u00bb, se\u00f1al\u00f3.<br \/><br \/>Al evento tambi\u00e9n asistieron Aar\u00f3n Silva, director y fundador de Hacienda Nueva Vida, y figuras del boxeo mexicano como Humberto \u00abLa Chiquita\u00bb Gonz\u00e1lez, refrendando el papel del deporte como una herramienta de transformaci\u00f3n social.<br \/><br \/>Con la firma de este convenio y la realizaci\u00f3n de esta funci\u00f3n de box con causa social, la Alcald\u00eda Cuauht\u00e9moc refrenda su compromiso con una atenci\u00f3n humana e integral a las adicciones, colocando a las personas y a la comunidad en el centro de las acciones de gobierno.","protected":false},"excerpt":{"rendered":"<p>*Durante el evento se anunci\u00f3 la funci\u00f3n de box estelar con causa social, que se llevar\u00e1 a cabo el 17 de enero de 2026, a las 17:00 horas, en el Deportivo Cuauht\u00e9moc, y que ser\u00e1 transmitida a nivel nacional.- La alcaldesa de Cuauht\u00e9moc, Alessandra Rojo de la Vega firm\u00f3 un convenio de colaboraci\u00f3n con el [&hellip;]<\/p>\n","protected":false},"author":6,"featured_media":2425,"comment_status":"open","ping_status":"open","sticky":false,"template":"","format":"standard","meta":{"footnotes":""},"categories":[1],"tags":[],"ppma_author":[43],"class_list":["post-2422","post","type-post","status-publish","format-standard","has-post-thumbnail","hentry","category-blog"],"authors":[{"term_id":43,"user_id":6,"is_guest":0,"slug":"staff","display_name":"STAFF","avatar_url":{"url":"https:\/\/pulsociudadano.network\/wp-content\/uploads\/2023\/11\/cropped-301392363_529368922396272_1685931149298827625_n-1.jpg","url2x":"https:\/\/pulsociudadano.network\/wp-content\/uploads\/2023\/11\/cropped-301392363_529368922396272_1685931149298827625_n-1.jpg"},"0":null,"1":"","2":"","3":"","4":"","5":"","6":"","7":"","8":""}],"_links":{"self":[{"href":"https:\/\/pulsociudadano.network\/index.php\/wp-json\/wp\/v2\/posts\/2422","targetHints":{"allow":["GET"]}}],"collection":[{"href":"https:\/\/pulsociudadano.network\/index.php\/wp-json\/wp\/v2\/posts"}],"about":[{"href":"https:\/\/pulsociudadano.network\/index.php\/wp-json\/wp\/v2\/types\/post"}],"author":[{"embeddable":true,"href":"https:\/\/pulsociudadano.network\/index.php\/wp-json\/wp\/v2\/users\/6"}],"replies":[{"embeddable":true,"href":"https:\/\/pulsociudadano.network\/index.php\/wp-json\/wp\/v2\/comments?post=2422"}],"version-history":[{"count":1,"href":"https:\/\/pulsociudadano.network\/index.php\/wp-json\/wp\/v2\/posts\/2422\/revisions"}],"predecessor-version":[{"id":2423,"href":"https:\/\/pulsociudadano.network\/index.php\/wp-json\/wp\/v2\/posts\/2422\/revisions\/2423"}],"wp:featuredmedia":[{"embeddable":true,"href":"https:\/\/pulsociudadano.network\/index.php\/wp-json\/wp\/v2\/media\/2425"}],"wp:attachment":[{"href":"https:\/\/pulsociudadano.network\/index.php\/wp-json\/wp\/v2\/media?parent=2422"}],"wp:term":[{"taxonomy":"category","embeddable":true,"href":"https:\/\/pulsociudadano.network\/index.php\/wp-json\/wp\/v2\/categories?post=2422"},{"taxonomy":"post_tag","embeddable":true,"href":"https:\/\/pulsociudadano.network\/index.php\/wp-json\/wp\/v2\/tags?post=2422"},{"taxonomy":"author","embeddable":true,"href":"https:\/\/pulsociudadano.network\/index.php\/wp-json\/wp\/v2\/ppma_author?post=2422"}],"curies":[{"name":"wp","href":"https:\/\/api.w.org\/{rel}","templated":true}]}}