{"id":2417,"date":"2026-01-13T13:42:28","date_gmt":"2026-01-13T19:42:28","guid":{"rendered":"https:\/\/pulsociudadano.network\/?p=2417"},"modified":"2026-01-13T13:42:29","modified_gmt":"2026-01-13T19:42:29","slug":"preocupante-alarmante-y-grotesco-pretender-que-el-ine-no-sea-autonomo-alejandro-moreno","status":"publish","type":"post","link":"https:\/\/pulsociudadano.network\/index.php\/2026\/01\/13\/preocupante-alarmante-y-grotesco-pretender-que-el-ine-no-sea-autonomo-alejandro-moreno\/","title":{"rendered":"PREOCUPANTE, ALARMANTE Y GROTESCO, PRETENDER QUE EL INE NO SEA AUT\u00d3NOMO: ALEJANDRO MORENO"},"content":{"rendered":"<br \/><br \/>\u2022 El Presidente del CEN del PRI consider\u00f3 que la declaraci\u00f3n de Pablo G\u00f3mez es una confesi\u00f3n descarada de las intenciones de Morena: consolidar la dictadura en M\u00e9xico.<br \/><br \/>Asegur\u00f3 que \u201cen el PRI decimos NO a la reforma electoral, mejor llamada la Ley Maduro\u201d.<br \/><br \/>El Presidente del Comit\u00e9 Ejecutivo Nacional (CEN) del Partido Revolucionario Institucional (PRI), Alejandro Moreno, advirti\u00f3 que es \u201cpreocupante, alarmante y grotesco\u201d que el encargado de construir la reforma electoral, Pablo G\u00f3mez, considere que el Instituto Nacional Electoral (INE) no debe ser aut\u00f3nomo.<br \/><br \/>Sostuvo que eso \u201ces una confesi\u00f3n descarada de sus intenciones: consolidar la dictadura en M\u00e9xico, eliminar contrapesos y someter la democracia al poder absoluto\u201d.<br \/><br \/>En un mensaje publicado en sus redes sociales, el senador y dirigente nacional del PRI se\u00f1al\u00f3 que Morena no quiere elecciones libres, quiere elecciones controladas. \u201cMorena no quiere pluralidad, quiere silencio. Morena no quiere democracia, quiere dictadura\u201d, expres\u00f3.<br \/><br \/>El Presidente Alejandro Moreno ratific\u00f3 que \u201clos priistas defenderemos siempre la autonom\u00eda del INE y la voz de los ciudadanos frente a este intento brutal de sometimiento\u201d.<br \/><br \/>Por ello, inform\u00f3 que \u201cen el PRI decimos NO a la reforma electoral, mejor llamada la Ley Maduro\u201d.<br \/><br \/>Cuestion\u00f3 que c\u00f3mo se atreve a decir que el INE no debe ser aut\u00f3nomo y, enseguida, record\u00f3 que el PRI siempre, desde el gobierno o desde la oposici\u00f3n, ha impulsado reformas democr\u00e1ticas para darle autonom\u00eda, fuerza y fortaleza al organismo electoral y a todas las Instituciones que ahora los narcopol\u00edticos de Morena buscan dinamitar.<br \/><br \/>\u201cAun cuando ten\u00edamos los votos, impulsamos la apertura democr\u00e1tica m\u00e1s importante en la historia del pa\u00eds\u201d, dijo el Presidente Nacional del PRI.","protected":false},"excerpt":{"rendered":"<p>\u2022 El Presidente del CEN del PRI consider\u00f3 que la declaraci\u00f3n de Pablo G\u00f3mez es una confesi\u00f3n descarada de las intenciones de Morena: consolidar la dictadura en M\u00e9xico. Asegur\u00f3 que \u201cen el PRI decimos NO a la reforma electoral, mejor llamada la Ley Maduro\u201d. El Presidente del Comit\u00e9 Ejecutivo Nacional (CEN) del Partido Revolucionario Institucional [&hellip;]<\/p>\n","protected":false},"author":6,"featured_media":2421,"comment_status":"open","ping_status":"open","sticky":false,"template":"","format":"standard","meta":{"footnotes":""},"categories":[1],"tags":[],"ppma_author":[43],"class_list":["post-2417","post","type-post","status-publish","format-standard","has-post-thumbnail","hentry","category-blog"],"authors":[{"term_id":43,"user_id":6,"is_guest":0,"slug":"staff","display_name":"STAFF","avatar_url":{"url":"https:\/\/pulsociudadano.network\/wp-content\/uploads\/2023\/11\/cropped-301392363_529368922396272_1685931149298827625_n-1.jpg","url2x":"https:\/\/pulsociudadano.network\/wp-content\/uploads\/2023\/11\/cropped-301392363_529368922396272_1685931149298827625_n-1.jpg"},"0":null,"1":"","2":"","3":"","4":"","5":"","6":"","7":"","8":""}],"_links":{"self":[{"href":"https:\/\/pulsociudadano.network\/index.php\/wp-json\/wp\/v2\/posts\/2417","targetHints":{"allow":["GET"]}}],"collection":[{"href":"https:\/\/pulsociudadano.network\/index.php\/wp-json\/wp\/v2\/posts"}],"about":[{"href":"https:\/\/pulsociudadano.network\/index.php\/wp-json\/wp\/v2\/types\/post"}],"author":[{"embeddable":true,"href":"https:\/\/pulsociudadano.network\/index.php\/wp-json\/wp\/v2\/users\/6"}],"replies":[{"embeddable":true,"href":"https:\/\/pulsociudadano.network\/index.php\/wp-json\/wp\/v2\/comments?post=2417"}],"version-history":[{"count":1,"href":"https:\/\/pulsociudadano.network\/index.php\/wp-json\/wp\/v2\/posts\/2417\/revisions"}],"predecessor-version":[{"id":2419,"href":"https:\/\/pulsociudadano.network\/index.php\/wp-json\/wp\/v2\/posts\/2417\/revisions\/2419"}],"wp:featuredmedia":[{"embeddable":true,"href":"https:\/\/pulsociudadano.network\/index.php\/wp-json\/wp\/v2\/media\/2421"}],"wp:attachment":[{"href":"https:\/\/pulsociudadano.network\/index.php\/wp-json\/wp\/v2\/media?parent=2417"}],"wp:term":[{"taxonomy":"category","embeddable":true,"href":"https:\/\/pulsociudadano.network\/index.php\/wp-json\/wp\/v2\/categories?post=2417"},{"taxonomy":"post_tag","embeddable":true,"href":"https:\/\/pulsociudadano.network\/index.php\/wp-json\/wp\/v2\/tags?post=2417"},{"taxonomy":"author","embeddable":true,"href":"https:\/\/pulsociudadano.network\/index.php\/wp-json\/wp\/v2\/ppma_author?post=2417"}],"curies":[{"name":"wp","href":"https:\/\/api.w.org\/{rel}","templated":true}]}}