{"id":2405,"date":"2026-01-13T13:34:23","date_gmt":"2026-01-13T19:34:23","guid":{"rendered":"https:\/\/pulsociudadano.network\/?p=2405"},"modified":"2026-01-13T13:34:23","modified_gmt":"2026-01-13T19:34:23","slug":"cuauhtemoc-impulsa-el-reciclaje-de-arboles-navidenos-con-la-campana-arbol-por-arbol-2026","status":"publish","type":"post","link":"https:\/\/pulsociudadano.network\/index.php\/2026\/01\/13\/cuauhtemoc-impulsa-el-reciclaje-de-arboles-navidenos-con-la-campana-arbol-por-arbol-2026\/","title":{"rendered":"CUAUHT\u00c9MOC IMPULSA EL RECICLAJE DE \u00c1RBOLES NAVIDE\u00d1OS CON LA CAMPA\u00d1A \u201c\u00c1RBOL POR \u00c1RBOL 2026\u201d"},"content":{"rendered":"<br \/><br \/>*El material obtenido de los \u00e1rboles se utilizar\u00e1 como acolchado para la recuperaci\u00f3n y mantenimiento de \u00e1reas verdes de la demarcaci\u00f3n.-<br \/><br \/><br \/>Como parte del compromiso de la alcaldesa Alessandra Rojo de la Vega con el cuidado del medio ambiente y la recuperaci\u00f3n de \u00e1reas verdes, la Alcald\u00eda Cuauht\u00e9moc puso en marcha la campa\u00f1a \u201c\u00c1rbol por \u00c1rbol 2026\u201d, una iniciativa que promueve el reciclaje responsable de \u00e1rboles de Navidad naturales.<br \/><br \/>La campa\u00f1a estar\u00e1 vigente hasta el pr\u00f3ximo 13 de febrero de 2026, periodo durante el cual las vecinas y vecinos podr\u00e1n llevar sus \u00e1rboles navide\u00f1os a los centros de acopio habilitados por la alcald\u00eda en donde a cambio fe su \u00e1rbol se les entregar\u00e1 una planta.<br \/><br \/>\u201c\u00c1rbol por \u00c1rbol 2026\u201d se realiza en coordinaci\u00f3n con la Secretar\u00eda del Medio Ambiente (SEDEMA) y la Secretar\u00eda de Obras y Servicios (SOBSE), con el objetivo de evitar que los \u00e1rboles naturales terminen en la v\u00eda p\u00fablica o como desecho com\u00fan, y darles un destino ambientalmente responsable.<br \/><br \/>Los \u00e1rboles recolectados en la demarcaci\u00f3n ser\u00e1n trasladados al Centro de Transferencia de Chabacano, donde se llevar\u00e1 a cabo su trituraci\u00f3n. El material org\u00e1nico resultante se utilizar\u00e1 para la recuperaci\u00f3n de \u00e1reas verdes, funcionando como acolchado .<br \/><br \/>Para facilitar la participaci\u00f3n de la comunidad, la Alcald\u00eda Cuauht\u00e9moc habilit\u00f3 dos puntos de acopio:<br \/><br \/>Explanada de la Alcald\u00eda Cuauht\u00e9moc, ubicada en<br \/>Aldama y Mina s\/n, colonia Buenavista.<br \/>Lunes a viernes de 09:00 a 18:00 h \/ S\u00e1bados de 09:00 a 12:00 h.<br \/><br \/>Coordinaci\u00f3n Territorial Roma\u2013Condesa, ubiacda en <br \/>Calle Antonio M. Anza, Centro Urbano Presidente Ju\u00e1rez, colonia Roma Norte.<br \/>Lunes a viernes de 09:00 a 18:00 h.<br \/><br \/>Vecinas y vecinos que participaron en el inicio de esta campa\u00f1a reconocieron la importancia de este tipo de acciones para el cuidado del entorno.<br \/><br \/>\u201cAgradecemos a la alcaldesa Ale Rojo de la Vega que siga fomentando este proyecto para el cuidado del medio ambiente\u201d, expres\u00f3 una de las personas que acudi\u00f3 a donar su \u00e1rbol.<br \/><br \/>Otra vecina se\u00f1al\u00f3: \u201cEstamos muy agradecidas porque en la alcald\u00eda est\u00e1n tomando en cuenta lo que es bueno para la naturaleza. Nos da gusto ver que aqu\u00ed s\u00ed se est\u00e1 trabajando\u201d.<br \/><br \/>Con \u201c\u00c1rbol por \u00c1rbol 2026\u201d, el gobierno que encabeza la alcaldesa Alessandra Rojo de la Vega reafirma su compromiso con una Cuauht\u00e9moc m\u00e1s verde, responsable y participativa, donde el cuidado del medio ambiente se construye de la mano con la comunidad.","protected":false},"excerpt":{"rendered":"<p>*El material obtenido de los \u00e1rboles se utilizar\u00e1 como acolchado para la recuperaci\u00f3n y mantenimiento de \u00e1reas verdes de la demarcaci\u00f3n.- Como parte del compromiso de la alcaldesa Alessandra Rojo de la Vega con el cuidado del medio ambiente y la recuperaci\u00f3n de \u00e1reas verdes, la Alcald\u00eda Cuauht\u00e9moc puso en marcha la campa\u00f1a \u201c\u00c1rbol por [&hellip;]<\/p>\n","protected":false},"author":6,"featured_media":2409,"comment_status":"open","ping_status":"open","sticky":false,"template":"","format":"standard","meta":{"footnotes":""},"categories":[1],"tags":[],"ppma_author":[43],"class_list":["post-2405","post","type-post","status-publish","format-standard","has-post-thumbnail","hentry","category-blog"],"authors":[{"term_id":43,"user_id":6,"is_guest":0,"slug":"staff","display_name":"STAFF","avatar_url":{"url":"https:\/\/pulsociudadano.network\/wp-content\/uploads\/2023\/11\/cropped-301392363_529368922396272_1685931149298827625_n-1.jpg","url2x":"https:\/\/pulsociudadano.network\/wp-content\/uploads\/2023\/11\/cropped-301392363_529368922396272_1685931149298827625_n-1.jpg"},"0":null,"1":"","2":"","3":"","4":"","5":"","6":"","7":"","8":""}],"_links":{"self":[{"href":"https:\/\/pulsociudadano.network\/index.php\/wp-json\/wp\/v2\/posts\/2405","targetHints":{"allow":["GET"]}}],"collection":[{"href":"https:\/\/pulsociudadano.network\/index.php\/wp-json\/wp\/v2\/posts"}],"about":[{"href":"https:\/\/pulsociudadano.network\/index.php\/wp-json\/wp\/v2\/types\/post"}],"author":[{"embeddable":true,"href":"https:\/\/pulsociudadano.network\/index.php\/wp-json\/wp\/v2\/users\/6"}],"replies":[{"embeddable":true,"href":"https:\/\/pulsociudadano.network\/index.php\/wp-json\/wp\/v2\/comments?post=2405"}],"version-history":[{"count":1,"href":"https:\/\/pulsociudadano.network\/index.php\/wp-json\/wp\/v2\/posts\/2405\/revisions"}],"predecessor-version":[{"id":2407,"href":"https:\/\/pulsociudadano.network\/index.php\/wp-json\/wp\/v2\/posts\/2405\/revisions\/2407"}],"wp:featuredmedia":[{"embeddable":true,"href":"https:\/\/pulsociudadano.network\/index.php\/wp-json\/wp\/v2\/media\/2409"}],"wp:attachment":[{"href":"https:\/\/pulsociudadano.network\/index.php\/wp-json\/wp\/v2\/media?parent=2405"}],"wp:term":[{"taxonomy":"category","embeddable":true,"href":"https:\/\/pulsociudadano.network\/index.php\/wp-json\/wp\/v2\/categories?post=2405"},{"taxonomy":"post_tag","embeddable":true,"href":"https:\/\/pulsociudadano.network\/index.php\/wp-json\/wp\/v2\/tags?post=2405"},{"taxonomy":"author","embeddable":true,"href":"https:\/\/pulsociudadano.network\/index.php\/wp-json\/wp\/v2\/ppma_author?post=2405"}],"curies":[{"name":"wp","href":"https:\/\/api.w.org\/{rel}","templated":true}]}}