{"id":2132,"date":"2025-11-13T17:39:57","date_gmt":"2025-11-13T23:39:57","guid":{"rendered":"https:\/\/pulsociudadano.network\/?p=2132"},"modified":"2025-11-13T17:39:58","modified_gmt":"2025-11-13T23:39:58","slug":"retira-alcaldia-cuauhtemoc-sellos-de-suspension-en-la-casa-de-las-mercedes","status":"publish","type":"post","link":"https:\/\/pulsociudadano.network\/index.php\/2025\/11\/13\/retira-alcaldia-cuauhtemoc-sellos-de-suspension-en-la-casa-de-las-mercedes\/","title":{"rendered":"RETIRA ALCALD\u00cdA CUAUHT\u00c9MOC SELLOS DE SUSPENSI\u00d3N EN LA CASA DE LAS MERCEDES"},"content":{"rendered":"<br \/><br \/>El Gobierno de la Alcald\u00eda Cuauht\u00e9moc, encabezado por Alessandra Rojo de la Vega, retir\u00f3 los sellos de suspensi\u00f3n colocados en el inmueble conocido como La Casa de las Mercedes, ubicado en la colonia San Rafael, luego de que el establecimiento acredit\u00f3 el cumplimiento de las medidas requeridas por la autoridad en materia de Protecci\u00f3n Civil.<br \/><br \/>La suspensi\u00f3n fue aplicada el pasado 29 de octubre por la Direcci\u00f3n General de Gobierno, en coordinaci\u00f3n con el Instituto de Verificaci\u00f3n Administrativa (INVEA), derivado de una visita de verificaci\u00f3n en la que no se exhibi\u00f3 la documentaci\u00f3n completa en la materia.<br \/><br \/>Dentro del t\u00e9rmino legal establecido, la representaci\u00f3n del inmueble present\u00f3 y acredit\u00f3 su Programa Interno de Protecci\u00f3n Civil, con vigencia hasta el a\u00f1o 2028, por lo que procedi\u00f3 el retiro de los sellos y la reanudaci\u00f3n de actividades.","protected":false},"excerpt":{"rendered":"<p>El Gobierno de la Alcald\u00eda Cuauht\u00e9moc, encabezado por Alessandra Rojo de la Vega, retir\u00f3 los sellos de suspensi\u00f3n colocados en el inmueble conocido como La Casa de las Mercedes, ubicado en la colonia San Rafael, luego de que el establecimiento acredit\u00f3 el cumplimiento de las medidas requeridas por la autoridad en materia de Protecci\u00f3n Civil. [&hellip;]<\/p>\n","protected":false},"author":6,"featured_media":2138,"comment_status":"open","ping_status":"open","sticky":false,"template":"","format":"standard","meta":{"footnotes":""},"categories":[1],"tags":[],"ppma_author":[43],"class_list":["post-2132","post","type-post","status-publish","format-standard","has-post-thumbnail","hentry","category-blog"],"authors":[{"term_id":43,"user_id":6,"is_guest":0,"slug":"staff","display_name":"STAFF","avatar_url":{"url":"https:\/\/pulsociudadano.network\/wp-content\/uploads\/2023\/11\/cropped-301392363_529368922396272_1685931149298827625_n-1.jpg","url2x":"https:\/\/pulsociudadano.network\/wp-content\/uploads\/2023\/11\/cropped-301392363_529368922396272_1685931149298827625_n-1.jpg"},"0":null,"1":"","2":"","3":"","4":"","5":"","6":"","7":"","8":""}],"_links":{"self":[{"href":"https:\/\/pulsociudadano.network\/index.php\/wp-json\/wp\/v2\/posts\/2132","targetHints":{"allow":["GET"]}}],"collection":[{"href":"https:\/\/pulsociudadano.network\/index.php\/wp-json\/wp\/v2\/posts"}],"about":[{"href":"https:\/\/pulsociudadano.network\/index.php\/wp-json\/wp\/v2\/types\/post"}],"author":[{"embeddable":true,"href":"https:\/\/pulsociudadano.network\/index.php\/wp-json\/wp\/v2\/users\/6"}],"replies":[{"embeddable":true,"href":"https:\/\/pulsociudadano.network\/index.php\/wp-json\/wp\/v2\/comments?post=2132"}],"version-history":[{"count":1,"href":"https:\/\/pulsociudadano.network\/index.php\/wp-json\/wp\/v2\/posts\/2132\/revisions"}],"predecessor-version":[{"id":2133,"href":"https:\/\/pulsociudadano.network\/index.php\/wp-json\/wp\/v2\/posts\/2132\/revisions\/2133"}],"wp:featuredmedia":[{"embeddable":true,"href":"https:\/\/pulsociudadano.network\/index.php\/wp-json\/wp\/v2\/media\/2138"}],"wp:attachment":[{"href":"https:\/\/pulsociudadano.network\/index.php\/wp-json\/wp\/v2\/media?parent=2132"}],"wp:term":[{"taxonomy":"category","embeddable":true,"href":"https:\/\/pulsociudadano.network\/index.php\/wp-json\/wp\/v2\/categories?post=2132"},{"taxonomy":"post_tag","embeddable":true,"href":"https:\/\/pulsociudadano.network\/index.php\/wp-json\/wp\/v2\/tags?post=2132"},{"taxonomy":"author","embeddable":true,"href":"https:\/\/pulsociudadano.network\/index.php\/wp-json\/wp\/v2\/ppma_author?post=2132"}],"curies":[{"name":"wp","href":"https:\/\/api.w.org\/{rel}","templated":true}]}}