{"id":2130,"date":"2025-11-13T17:41:41","date_gmt":"2025-11-13T23:41:41","guid":{"rendered":"https:\/\/pulsociudadano.network\/?p=2130"},"modified":"2025-11-13T17:41:41","modified_gmt":"2025-11-13T23:41:41","slug":"ale-rojo-de-la-vega-encabeza-retiro-de-pergolas-sin-permiso-en-la-condesa","status":"publish","type":"post","link":"https:\/\/pulsociudadano.network\/index.php\/2025\/11\/13\/ale-rojo-de-la-vega-encabeza-retiro-de-pergolas-sin-permiso-en-la-condesa\/","title":{"rendered":"ALE ROJO DE LA VEGA ENCABEZA RETIRO DE P\u00c9RGOLAS SIN PERMISO EN LA CONDESA"},"content":{"rendered":"<br \/><br \/>_* Las estructuras fueron retiradas de las calles Atlixco y Tamaulipas por carecer de autorizaci\u00f3n para ocupar la v\u00eda p\u00fablica._<br \/>_* La alcaldesa reiter\u00f3 que las banquetas son para las y los vecinos, no para el desorden._<br \/><br \/><br \/>La alcaldesa Alessandra Rojo de la Vega encabez\u00f3 un operativo de retiro de dos p\u00e9rgolas instaladas sin acreditar los permisos correspondientes en la Condesa, como parte de las acciones permanentes de ordenamiento y recuperaci\u00f3n del espacio p\u00fablico que realiza el Gobierno de la Cuauht\u00e9moc.<br \/><br \/>Las estructuras, localizadas sobre las calles Atlixco y Tamaulipas, no exhibieron la documentaci\u00f3n requerida y ya hab\u00edan sido apercibidas previamente por la Direcci\u00f3n General de Gobierno.<br \/><br \/>\u201cSeguimos en operativo como todos los d\u00edas, ordenando las calles, limpiando la v\u00eda p\u00fablica, aqu\u00ed casi acabando de retirar esta p\u00e9rgola que no ten\u00eda permiso. Miren toda la suciedad que deja: no cumplen con los permisos, abusan, se anclan. A ver, s\u00ed est\u00e1 bien, pero hay que cumplir con la ley y respetar los derechos de todas las personas que puedan transitar libremente por la v\u00eda p\u00fablica\u201d, se\u00f1al\u00f3 la alcaldesa.<br \/><br \/>Durante el operativo, personal de V\u00eda P\u00fablica retir\u00f3 estructuras met\u00e1licas y mobiliario anclado, con el prop\u00f3sito de garantizar la movilidad peatonal y el uso equitativo del espacio p\u00fablico.<br \/><br \/>Rojo de la Vega subray\u00f3 que estos operativos continuar\u00e1n de forma constante en toda la demarcaci\u00f3n: \u201cen Cuauht\u00e9moc las calles son para la gente. Vamos a seguir recuperando espacios y poniendo orden, sin excepciones\u201d, afirm\u00f3.<br \/><br \/>En lo que va del primer a\u00f1o de gobierno, la Alcald\u00eda Cuauht\u00e9moc ha liberado m\u00e1s de 20 mil metros cuadrados de v\u00eda p\u00fablica y retirado 86 mil kilogramos de estructuras ilegales, en cumplimiento al compromiso de mantener una ciudad ordenada, segura y accesible para todas las personas.","protected":false},"excerpt":{"rendered":"<p>_* Las estructuras fueron retiradas de las calles Atlixco y Tamaulipas por carecer de autorizaci\u00f3n para ocupar la v\u00eda p\u00fablica.__* La alcaldesa reiter\u00f3 que las banquetas son para las y los vecinos, no para el desorden._ La alcaldesa Alessandra Rojo de la Vega encabez\u00f3 un operativo de retiro de dos p\u00e9rgolas instaladas sin acreditar los [&hellip;]<\/p>\n","protected":false},"author":6,"featured_media":2139,"comment_status":"open","ping_status":"open","sticky":false,"template":"","format":"standard","meta":{"footnotes":""},"categories":[1],"tags":[],"ppma_author":[43],"class_list":["post-2130","post","type-post","status-publish","format-standard","has-post-thumbnail","hentry","category-blog"],"authors":[{"term_id":43,"user_id":6,"is_guest":0,"slug":"staff","display_name":"STAFF","avatar_url":{"url":"https:\/\/pulsociudadano.network\/wp-content\/uploads\/2023\/11\/cropped-301392363_529368922396272_1685931149298827625_n-1.jpg","url2x":"https:\/\/pulsociudadano.network\/wp-content\/uploads\/2023\/11\/cropped-301392363_529368922396272_1685931149298827625_n-1.jpg"},"0":null,"1":"","2":"","3":"","4":"","5":"","6":"","7":"","8":""}],"_links":{"self":[{"href":"https:\/\/pulsociudadano.network\/index.php\/wp-json\/wp\/v2\/posts\/2130","targetHints":{"allow":["GET"]}}],"collection":[{"href":"https:\/\/pulsociudadano.network\/index.php\/wp-json\/wp\/v2\/posts"}],"about":[{"href":"https:\/\/pulsociudadano.network\/index.php\/wp-json\/wp\/v2\/types\/post"}],"author":[{"embeddable":true,"href":"https:\/\/pulsociudadano.network\/index.php\/wp-json\/wp\/v2\/users\/6"}],"replies":[{"embeddable":true,"href":"https:\/\/pulsociudadano.network\/index.php\/wp-json\/wp\/v2\/comments?post=2130"}],"version-history":[{"count":1,"href":"https:\/\/pulsociudadano.network\/index.php\/wp-json\/wp\/v2\/posts\/2130\/revisions"}],"predecessor-version":[{"id":2131,"href":"https:\/\/pulsociudadano.network\/index.php\/wp-json\/wp\/v2\/posts\/2130\/revisions\/2131"}],"wp:featuredmedia":[{"embeddable":true,"href":"https:\/\/pulsociudadano.network\/index.php\/wp-json\/wp\/v2\/media\/2139"}],"wp:attachment":[{"href":"https:\/\/pulsociudadano.network\/index.php\/wp-json\/wp\/v2\/media?parent=2130"}],"wp:term":[{"taxonomy":"category","embeddable":true,"href":"https:\/\/pulsociudadano.network\/index.php\/wp-json\/wp\/v2\/categories?post=2130"},{"taxonomy":"post_tag","embeddable":true,"href":"https:\/\/pulsociudadano.network\/index.php\/wp-json\/wp\/v2\/tags?post=2130"},{"taxonomy":"author","embeddable":true,"href":"https:\/\/pulsociudadano.network\/index.php\/wp-json\/wp\/v2\/ppma_author?post=2130"}],"curies":[{"name":"wp","href":"https:\/\/api.w.org\/{rel}","templated":true}]}}