{"id":2128,"date":"2025-11-13T17:42:32","date_gmt":"2025-11-13T23:42:32","guid":{"rendered":"https:\/\/pulsociudadano.network\/?p=2128"},"modified":"2025-11-13T17:42:33","modified_gmt":"2025-11-13T23:42:33","slug":"mexico-se-salva-con-valor-ale-rojo-de-la-vega-desde-el-corazon-del-centro-historico","status":"publish","type":"post","link":"https:\/\/pulsociudadano.network\/index.php\/2025\/11\/13\/mexico-se-salva-con-valor-ale-rojo-de-la-vega-desde-el-corazon-del-centro-historico\/","title":{"rendered":"M\u00c9XICO SE SALVA CON VALOR\u201d: ALE ROJO DE LA VEGA DESDE EL CORAZ\u00d3N DEL CENTRO HIST\u00d3RICO"},"content":{"rendered":"*\u201cM\u00c9XICO SE SALVA CON VALOR\u201d: ALE ROJO DE LA VEGA DESDE EL CORAZ\u00d3N DEL CENTRO HIST\u00d3RICO*<br \/><br \/>_* La alcaldesa encabez\u00f3 su gira de rendici\u00f3n de cuentas en la Plaza del Danz\u00f3n, ante m\u00e1s de mil vecinas y vecinos de las coordinaciones Centro Hist\u00f3rico y Morelos\u2013Peralvillo._<br \/>_* Reiter\u00f3 su compromiso con la libertad, la seguridad y la recuperaci\u00f3n del espacio p\u00fablico en el coraz\u00f3n de la ciudad._<br \/><br \/><br \/>En la Plaza del Danz\u00f3n, el coraz\u00f3n del Centro Hist\u00f3rico, la alcaldesa Alessandra Rojo de la Vega fue recibida entre aplausos, m\u00fasica y porras por vecinas y vecinos que se reunieron para escuchar los resultados del primer a\u00f1o de su gobierno.<br \/><br \/>Acompa\u00f1ada por la diputada Frida Guill\u00e9n, concejales y titulares de \u00e1rea, la mandataria record\u00f3 que el Centro, s\u00edmbolo de identidad y comercio, fue por a\u00f1os olvidado y tomado por mafias, pero hoy vive una nueva etapa.<br \/><br \/>\u201cDurante a\u00f1os el Centro fue abandonado. Con millones de pesos asignados desde el gobierno central, uno se pregunta d\u00f3nde qued\u00f3 ese dinero, porque si llegara a donde debe, hoy tendr\u00edamos calles limpias, seguras y alumbradas. Eso se acab\u00f3: aqu\u00ed se gobierna para la gente, no para los privilegios\u201d, subray\u00f3.<br \/><br \/>En su mensaje, Ale Rojo de la Vega destac\u00f3 que en un a\u00f1o se reconect\u00f3 el 100 por ciento de las c\u00e1maras de videovigilancia, se entregaron 53 patrullas nuevas y se increment\u00f3 60 por ciento la inversi\u00f3n en seguridad, lo que permiti\u00f3 reducir los delitos de alto impacto en 12 por ciento los homicidios dolosos en 17 por ciento y los feminicidios en 85 por ciento, de acuerdo con cifras oficiales del Secretariado Ejecutivo del Sistema Nacional de Seguridad P\u00fablica.<br \/><br \/>\u201cLa seguridad no se presume, se siente. Y en Cuauht\u00e9moc ya se siente el cambio. Donde hab\u00eda miedo, hoy hay confianza\u201d, afirm\u00f3.<br \/><br \/>Durante el encuentro, la alcaldesa reconoci\u00f3 la labor del equipo de abogadas y psic\u00f3logas del programa Reacci\u00f3n Violeta, que ha acompa\u00f1ado a m\u00e1s de 700 mujeres v\u00edctimas de violencia y logrado que 120 agresores est\u00e9n tras las rejas.<br \/><br \/>\u201cNunca m\u00e1s una mujer sola. Este gobierno las protege, las acompa\u00f1a y las defiende\u201d, dijo.<br \/><br \/>Rojo de la Vega inform\u00f3 que, a la par de la estrategia de seguridad, su administraci\u00f3n ha repavimentado m\u00e1s de 180 mil metros cuadrados de calles, rehabilitado banquetas permeables, encendido 51 mil luminarias y eliminado 100 tiraderos clandestinos, lo que ha permitido mejorar el entorno urbano y la movilidad.<br \/><br \/>\u201cCada calle limpia, cada parque iluminado, cada bache reparado, es una colonia que vuelve a sentirse viva\u201d, afirm\u00f3.<br \/><br \/>Desde el Centro Hist\u00f3rico, la alcaldesa tambi\u00e9n hizo un llamado a defender la libertad y la democracia ante los tiempos dif\u00edciles que vive el pa\u00eds.<br \/><br \/>\u201cHoy M\u00e9xico necesita valent\u00eda. Son tiempos de censura y represi\u00f3n, pero en Cuauht\u00e9moc decidimos no callarnos. Aqu\u00ed se defiende la libertad, aunque incomode, aunque duela. M\u00e9xico no se salva con miedo, se salva con valor\u201d, sostuvo.<br \/><br \/>Finalmente, anunci\u00f3 que presentar\u00e1 una iniciativa para exigir un presupuesto justo para la alcald\u00eda, que considere los millones de personas que transitan diariamente por su territorio.<br \/><br \/>\u201cCuauht\u00e9moc merece m\u00e1s. Lo que aqu\u00ed se genera debe regresar a nuestras calles, a nuestras colonias, a nuestra gente\u201d, puntualiz\u00f3.","protected":false},"excerpt":{"rendered":"<p>*\u201cM\u00c9XICO SE SALVA CON VALOR\u201d: ALE ROJO DE LA VEGA DESDE EL CORAZ\u00d3N DEL CENTRO HIST\u00d3RICO* _* La alcaldesa encabez\u00f3 su gira de rendici\u00f3n de cuentas en la Plaza del Danz\u00f3n, ante m\u00e1s de mil vecinas y vecinos de las coordinaciones Centro Hist\u00f3rico y Morelos\u2013Peralvillo.__* Reiter\u00f3 su compromiso con la libertad, la seguridad y la [&hellip;]<\/p>\n","protected":false},"author":6,"featured_media":2140,"comment_status":"open","ping_status":"open","sticky":false,"template":"","format":"standard","meta":{"footnotes":""},"categories":[1],"tags":[],"ppma_author":[43],"class_list":["post-2128","post","type-post","status-publish","format-standard","has-post-thumbnail","hentry","category-blog"],"authors":[{"term_id":43,"user_id":6,"is_guest":0,"slug":"staff","display_name":"STAFF","avatar_url":{"url":"https:\/\/pulsociudadano.network\/wp-content\/uploads\/2023\/11\/cropped-301392363_529368922396272_1685931149298827625_n-1.jpg","url2x":"https:\/\/pulsociudadano.network\/wp-content\/uploads\/2023\/11\/cropped-301392363_529368922396272_1685931149298827625_n-1.jpg"},"0":null,"1":"","2":"","3":"","4":"","5":"","6":"","7":"","8":""}],"_links":{"self":[{"href":"https:\/\/pulsociudadano.network\/index.php\/wp-json\/wp\/v2\/posts\/2128","targetHints":{"allow":["GET"]}}],"collection":[{"href":"https:\/\/pulsociudadano.network\/index.php\/wp-json\/wp\/v2\/posts"}],"about":[{"href":"https:\/\/pulsociudadano.network\/index.php\/wp-json\/wp\/v2\/types\/post"}],"author":[{"embeddable":true,"href":"https:\/\/pulsociudadano.network\/index.php\/wp-json\/wp\/v2\/users\/6"}],"replies":[{"embeddable":true,"href":"https:\/\/pulsociudadano.network\/index.php\/wp-json\/wp\/v2\/comments?post=2128"}],"version-history":[{"count":1,"href":"https:\/\/pulsociudadano.network\/index.php\/wp-json\/wp\/v2\/posts\/2128\/revisions"}],"predecessor-version":[{"id":2129,"href":"https:\/\/pulsociudadano.network\/index.php\/wp-json\/wp\/v2\/posts\/2128\/revisions\/2129"}],"wp:featuredmedia":[{"embeddable":true,"href":"https:\/\/pulsociudadano.network\/index.php\/wp-json\/wp\/v2\/media\/2140"}],"wp:attachment":[{"href":"https:\/\/pulsociudadano.network\/index.php\/wp-json\/wp\/v2\/media?parent=2128"}],"wp:term":[{"taxonomy":"category","embeddable":true,"href":"https:\/\/pulsociudadano.network\/index.php\/wp-json\/wp\/v2\/categories?post=2128"},{"taxonomy":"post_tag","embeddable":true,"href":"https:\/\/pulsociudadano.network\/index.php\/wp-json\/wp\/v2\/tags?post=2128"},{"taxonomy":"author","embeddable":true,"href":"https:\/\/pulsociudadano.network\/index.php\/wp-json\/wp\/v2\/ppma_author?post=2128"}],"curies":[{"name":"wp","href":"https:\/\/api.w.org\/{rel}","templated":true}]}}