{"id":2124,"date":"2025-11-13T17:44:48","date_gmt":"2025-11-13T23:44:48","guid":{"rendered":"https:\/\/pulsociudadano.network\/?p=2124"},"modified":"2025-11-13T17:44:48","modified_gmt":"2025-11-13T23:44:48","slug":"cuauhtemoc-aporta-produce-y-exige-justicia-presupuestal-ale-rojo-de-la-vega-pide-que-recursos-regresen-a-donde-se-generan","status":"publish","type":"post","link":"https:\/\/pulsociudadano.network\/index.php\/2025\/11\/13\/cuauhtemoc-aporta-produce-y-exige-justicia-presupuestal-ale-rojo-de-la-vega-pide-que-recursos-regresen-a-donde-se-generan\/","title":{"rendered":"CUAUHT\u00c9MOC APORTA, PRODUCE Y EXIGE JUSTICIA PRESUPUESTAL\u201d: ALE ROJO DE LA VEGA PIDE QUE RECURSOS REGRESEN A DONDE SE GENERAN"},"content":{"rendered":"<br \/><br \/>_* Ante m\u00e1s de mil 500 vecinas y vecinos de las Coordinaciones Territoriales Roma\u2013Condesa y Ju\u00e1rez\u2013San Rafael, la alcaldesa refrend\u00f3 su compromiso de defender una distribuci\u00f3n justa del presupuesto para las alcald\u00edas de la Ciudad de M\u00e9xico._<br \/>_* Anunci\u00f3 que el material utilizado en la difusi\u00f3n del Primer Informe de Gobierno ser\u00e1 reutilizado para la elaboraci\u00f3n de bolsas ecol\u00f3gicas._<br \/><br \/><br \/>La alcaldesa Alessandra Rojo de la Vega encabez\u00f3 la segunda jornada de su gira de rendici\u00f3n de cuentas \u201cCuauht\u00e9moc late como nunca\u201d en la Plaza R\u00edo de Janeiro, donde se reuni\u00f3 con m\u00e1s de mil 500 vecinas y vecinos de las Coordinaciones Territoriales Roma\u2013Condesa y Ju\u00e1rez\u2013San Rafael.<br \/><br \/>Acompa\u00f1ada por la diputada local Frida Guill\u00e9n, la titular de la demarcaci\u00f3n reafirm\u00f3 su compromiso de mantener un gobierno responsable con los recursos, transparente en la gesti\u00f3n y cercano a la gente.<br \/><br \/>\u201cCuauht\u00e9moc aporta m\u00e1s de tres mil millones de pesos al a\u00f1o en impuesto predial, adem\u00e1s de contribuciones por agua, luz, parqu\u00edmetros y licencias. Pero ese dinero no se ve reflejado en nuestras calles, parques ni luminarias. Lo justo es que los recursos regresen a donde se generan\u201d, sostuvo.<br \/><br \/>Ale Rojo de la Vega anunci\u00f3 que presentar\u00e1 ante el Congreso de la Ciudad de M\u00e9xico una iniciativa para que parte del impuesto predial y del pago de agua se destinen directamente a las alcald\u00edas, fortaleciendo su capacidad de inversi\u00f3n y mantenimiento urbano.<br \/>\u201cLa descentralizaci\u00f3n real comienza cuando se conf\u00eda en los gobiernos locales y se les da lo que por ley y por justicia les corresponde. Vamos a defender cada peso para que se convierta en obras, servicios y bienestar para la gente\u201d, enfatiz\u00f3.<br \/><br \/>En su mensaje, la alcaldesa destac\u00f3 que su administraci\u00f3n ha logrado avances reales sin endeudar a la alcald\u00eda ni recurrir a gasto superfluo, gracias a una planeaci\u00f3n eficiente y una ejecuci\u00f3n directa de los recursos.<br \/>\u201cGobernar es cumplir, no gastar. Por eso cada peso tiene destino, cada acci\u00f3n tiene nombre y cada obra tiene responsable\u201d, expres\u00f3.<br \/><br \/>Como ejemplo de manejo responsable, inform\u00f3 que todo el material utilizado para la difusi\u00f3n exterior del Primer Informe de Gobierno ser\u00e1 reutilizado para elaborar bolsas ecol\u00f3gicas, reafirmando el compromiso ambiental de su gesti\u00f3n.<br \/><br \/>La edil record\u00f3 que en este primer a\u00f1o de administraci\u00f3n se han rehabilitado m\u00e1s de 180 mil metros cuadrados de calles y banquetas, tapado 12 mil baches y liberado 30 mil metros cuadrados de espacio p\u00fablico, adem\u00e1s de implementar una pol\u00edtica de sustentabilidad con banquetas permeables y mantenimiento a dos millones de metros cuadrados de \u00e1reas verdes.<br \/><br \/>\u201cEn Cuauht\u00e9moc demostramos que se puede gobernar con transparencia, con resultados y sin corrupci\u00f3n. Aqu\u00ed no hay simulaci\u00f3n, hay trabajo real y en la calle\u201d, afirm\u00f3.<br \/><br \/>Finalmente, anunci\u00f3 que el parque R\u00edo de Janeiro ser\u00e1 rehabilitado antes de diciembre, como parte del programa de rescate de espacios emblem\u00e1ticos de la ciudad.<br \/><br \/>\u201cCuauht\u00e9moc produce, aporta y hoy exige lo que merece. Vamos a seguir alzando la voz por un presupuesto justo, porque el cambio de verdad tambi\u00e9n se construye con responsabilidad\u201d, concluy\u00f3.","protected":false},"excerpt":{"rendered":"<p>_* Ante m\u00e1s de mil 500 vecinas y vecinos de las Coordinaciones Territoriales Roma\u2013Condesa y Ju\u00e1rez\u2013San Rafael, la alcaldesa refrend\u00f3 su compromiso de defender una distribuci\u00f3n justa del presupuesto para las alcald\u00edas de la Ciudad de M\u00e9xico.__* Anunci\u00f3 que el material utilizado en la difusi\u00f3n del Primer Informe de Gobierno ser\u00e1 reutilizado para la elaboraci\u00f3n [&hellip;]<\/p>\n","protected":false},"author":6,"featured_media":2142,"comment_status":"open","ping_status":"open","sticky":false,"template":"","format":"standard","meta":{"footnotes":""},"categories":[1],"tags":[],"ppma_author":[43],"class_list":["post-2124","post","type-post","status-publish","format-standard","has-post-thumbnail","hentry","category-blog"],"authors":[{"term_id":43,"user_id":6,"is_guest":0,"slug":"staff","display_name":"STAFF","avatar_url":{"url":"https:\/\/pulsociudadano.network\/wp-content\/uploads\/2023\/11\/cropped-301392363_529368922396272_1685931149298827625_n-1.jpg","url2x":"https:\/\/pulsociudadano.network\/wp-content\/uploads\/2023\/11\/cropped-301392363_529368922396272_1685931149298827625_n-1.jpg"},"0":null,"1":"","2":"","3":"","4":"","5":"","6":"","7":"","8":""}],"_links":{"self":[{"href":"https:\/\/pulsociudadano.network\/index.php\/wp-json\/wp\/v2\/posts\/2124","targetHints":{"allow":["GET"]}}],"collection":[{"href":"https:\/\/pulsociudadano.network\/index.php\/wp-json\/wp\/v2\/posts"}],"about":[{"href":"https:\/\/pulsociudadano.network\/index.php\/wp-json\/wp\/v2\/types\/post"}],"author":[{"embeddable":true,"href":"https:\/\/pulsociudadano.network\/index.php\/wp-json\/wp\/v2\/users\/6"}],"replies":[{"embeddable":true,"href":"https:\/\/pulsociudadano.network\/index.php\/wp-json\/wp\/v2\/comments?post=2124"}],"version-history":[{"count":1,"href":"https:\/\/pulsociudadano.network\/index.php\/wp-json\/wp\/v2\/posts\/2124\/revisions"}],"predecessor-version":[{"id":2125,"href":"https:\/\/pulsociudadano.network\/index.php\/wp-json\/wp\/v2\/posts\/2124\/revisions\/2125"}],"wp:featuredmedia":[{"embeddable":true,"href":"https:\/\/pulsociudadano.network\/index.php\/wp-json\/wp\/v2\/media\/2142"}],"wp:attachment":[{"href":"https:\/\/pulsociudadano.network\/index.php\/wp-json\/wp\/v2\/media?parent=2124"}],"wp:term":[{"taxonomy":"category","embeddable":true,"href":"https:\/\/pulsociudadano.network\/index.php\/wp-json\/wp\/v2\/categories?post=2124"},{"taxonomy":"post_tag","embeddable":true,"href":"https:\/\/pulsociudadano.network\/index.php\/wp-json\/wp\/v2\/tags?post=2124"},{"taxonomy":"author","embeddable":true,"href":"https:\/\/pulsociudadano.network\/index.php\/wp-json\/wp\/v2\/ppma_author?post=2124"}],"curies":[{"name":"wp","href":"https:\/\/api.w.org\/{rel}","templated":true}]}}