{"id":2116,"date":"2025-11-13T17:48:48","date_gmt":"2025-11-13T23:48:48","guid":{"rendered":"https:\/\/pulsociudadano.network\/?p=2116"},"modified":"2025-11-13T17:48:49","modified_gmt":"2025-11-13T23:48:49","slug":"al-presentar-informe-ante-concejo-ale-rojo-de-la-vega-llama-a-cerrar-filas-en-favor-de-la-cuauhtemoc","status":"publish","type":"post","link":"https:\/\/pulsociudadano.network\/index.php\/2025\/11\/13\/al-presentar-informe-ante-concejo-ale-rojo-de-la-vega-llama-a-cerrar-filas-en-favor-de-la-cuauhtemoc\/","title":{"rendered":"AL PRESENTAR INFORME ANTE CONCEJO, ALE ROJO DE LA VEGA LLAMA A CERRAR FILAS EN FAVOR DE LA CUAUHT\u00c9MOC"},"content":{"rendered":"<br \/><br \/>_* En sesi\u00f3n solemne del Concejo de la Alcald\u00eda Cuauht\u00e9moc, la alcaldesa present\u00f3 formalmente su Primer Informe de Gobierno._<br \/>_* La Cuauht\u00e9moc avanza hacia un modelo de gobierno cercano, transparente y con resultados verificables._<br \/><br \/><br \/>Durante sesi\u00f3n solemne del Concejo de la Alcald\u00eda Cuauht\u00e9moc, la alcaldesa Alessandra Rojo de la Vega entreg\u00f3 de manera formal su Primer Informe de Gobierno, conforme a lo establecido en la Ley Org\u00e1nica de Alcald\u00edas de la Ciudad de M\u00e9xico.<br \/><br \/>En su mensaje, la titular de la demarcaci\u00f3n convoc\u00f3 a las y los concejales, as\u00ed como a todas las \u00e1reas del gobierno local, a mantener un trabajo coordinado, basado en el di\u00e1logo y la responsabilidad compartida.<br \/><br \/>\u201cHay que agarrarnos de la mano con un objetivo com\u00fan; los colores y los partidos quedan atr\u00e1s\u201d, expres\u00f3.<br \/><br \/>Ale Rojo de la Vega destac\u00f3 que Cuauht\u00e9moc avanza hacia un modelo de gobierno cercano, transparente y con resultados verificables, construido a partir de la confianza ciudadana y del trabajo conjunto entre sociedad y autoridades.<br \/><br \/>Subray\u00f3 que la administraci\u00f3n ha centrado sus esfuerzos en la recuperaci\u00f3n del espacio p\u00fablico, la iluminaci\u00f3n de calles, la atenci\u00f3n a mujeres v\u00edctimas de violencia y el fortalecimiento de la seguridad con enfoque preventivo.<br \/><br \/>\u201cRegresamos las plazas y los espacios a nuestras familias y se los quitamos a la delincuencia\u201d, afirm\u00f3.<br \/><br \/>Durante su intervenci\u00f3n, agradeci\u00f3 al Concejo y al personal de la Alcald\u00eda por un a\u00f1o de trabajo intenso. Reconoci\u00f3 que no ha sido un periodo sencillo, pero subray\u00f3 que la coordinaci\u00f3n entre todas las \u00e1reas ha permitido avanzar y entregar resultados. Se\u00f1al\u00f3 que su equipo trabaja en calle y oficina, los siete d\u00edas de la semana, para responder a las necesidades de quienes viven y transitan por la Cuauht\u00e9moc.<br \/><br \/>La alcaldesa tambi\u00e9n habl\u00f3 de un tema que, dijo, no puede seguir ignor\u00e1ndose. Record\u00f3 que la demarcaci\u00f3n recibe menos recursos de los que realmente requiere, sobre todo por la enorme poblaci\u00f3n que cruza a diario por su territorio. En ese sentido, adelant\u00f3 que presentar\u00e1 una iniciativa ante el Congreso capitalino para revisar el mecanismo de distribuci\u00f3n presupuestal, ya que actualmente la Alcald\u00eda no recibe ning\u00fan porcentaje del predial, del agua ni de otros impuestos locales generados aqu\u00ed.<br \/><br \/>En materia de desarrollo social, se\u00f1al\u00f3 que la Cuauht\u00e9moc atiende de manera integral a personas con discapacidad y poblaci\u00f3n LGBTIQ+, adem\u00e1s de mantener apoyos a mujeres, ni\u00f1as, ni\u00f1os y personas mayores.<br \/><br \/>La alcaldesa reconoci\u00f3 el papel de la sociedad civil y del sector privado en la implementaci\u00f3n de pol\u00edticas p\u00fablicas y programas sociales: \u201ces una mentira que el gobierno puede solo. No nos dar\u00edamos abasto si no caminamos junto con la ciudadan\u00eda y las organizaciones\u201d, apunt\u00f3.<br \/><br \/>Con la entrega formal del Primer Informe de Gobierno ante el Concejo, se da cumplimiento a las disposiciones legales en materia de transparencia y rendici\u00f3n de cuentas.<br \/><br \/>\u201cEste gobierno regres\u00f3 el poder a la gente, y eso no se negocia\u201d, finaliz\u00f3 la alcaldesa.","protected":false},"excerpt":{"rendered":"<p>_* En sesi\u00f3n solemne del Concejo de la Alcald\u00eda Cuauht\u00e9moc, la alcaldesa present\u00f3 formalmente su Primer Informe de Gobierno.__* La Cuauht\u00e9moc avanza hacia un modelo de gobierno cercano, transparente y con resultados verificables._ Durante sesi\u00f3n solemne del Concejo de la Alcald\u00eda Cuauht\u00e9moc, la alcaldesa Alessandra Rojo de la Vega entreg\u00f3 de manera formal su Primer [&hellip;]<\/p>\n","protected":false},"author":6,"featured_media":2146,"comment_status":"open","ping_status":"open","sticky":false,"template":"","format":"standard","meta":{"footnotes":""},"categories":[1],"tags":[],"ppma_author":[43],"class_list":["post-2116","post","type-post","status-publish","format-standard","has-post-thumbnail","hentry","category-blog"],"authors":[{"term_id":43,"user_id":6,"is_guest":0,"slug":"staff","display_name":"STAFF","avatar_url":{"url":"https:\/\/pulsociudadano.network\/wp-content\/uploads\/2023\/11\/cropped-301392363_529368922396272_1685931149298827625_n-1.jpg","url2x":"https:\/\/pulsociudadano.network\/wp-content\/uploads\/2023\/11\/cropped-301392363_529368922396272_1685931149298827625_n-1.jpg"},"0":null,"1":"","2":"","3":"","4":"","5":"","6":"","7":"","8":""}],"_links":{"self":[{"href":"https:\/\/pulsociudadano.network\/index.php\/wp-json\/wp\/v2\/posts\/2116","targetHints":{"allow":["GET"]}}],"collection":[{"href":"https:\/\/pulsociudadano.network\/index.php\/wp-json\/wp\/v2\/posts"}],"about":[{"href":"https:\/\/pulsociudadano.network\/index.php\/wp-json\/wp\/v2\/types\/post"}],"author":[{"embeddable":true,"href":"https:\/\/pulsociudadano.network\/index.php\/wp-json\/wp\/v2\/users\/6"}],"replies":[{"embeddable":true,"href":"https:\/\/pulsociudadano.network\/index.php\/wp-json\/wp\/v2\/comments?post=2116"}],"version-history":[{"count":1,"href":"https:\/\/pulsociudadano.network\/index.php\/wp-json\/wp\/v2\/posts\/2116\/revisions"}],"predecessor-version":[{"id":2117,"href":"https:\/\/pulsociudadano.network\/index.php\/wp-json\/wp\/v2\/posts\/2116\/revisions\/2117"}],"wp:featuredmedia":[{"embeddable":true,"href":"https:\/\/pulsociudadano.network\/index.php\/wp-json\/wp\/v2\/media\/2146"}],"wp:attachment":[{"href":"https:\/\/pulsociudadano.network\/index.php\/wp-json\/wp\/v2\/media?parent=2116"}],"wp:term":[{"taxonomy":"category","embeddable":true,"href":"https:\/\/pulsociudadano.network\/index.php\/wp-json\/wp\/v2\/categories?post=2116"},{"taxonomy":"post_tag","embeddable":true,"href":"https:\/\/pulsociudadano.network\/index.php\/wp-json\/wp\/v2\/tags?post=2116"},{"taxonomy":"author","embeddable":true,"href":"https:\/\/pulsociudadano.network\/index.php\/wp-json\/wp\/v2\/ppma_author?post=2116"}],"curies":[{"name":"wp","href":"https:\/\/api.w.org\/{rel}","templated":true}]}}