{"id":2112,"date":"2025-11-13T17:51:00","date_gmt":"2025-11-13T23:51:00","guid":{"rendered":"https:\/\/pulsociudadano.network\/?p=2112"},"modified":"2025-11-13T17:51:01","modified_gmt":"2025-11-13T23:51:01","slug":"ale-rojo-de-la-vega-recibe-a-delegacion-coreana-en-la-alcaldia-cuauhtemoc","status":"publish","type":"post","link":"https:\/\/pulsociudadano.network\/index.php\/2025\/11\/13\/ale-rojo-de-la-vega-recibe-a-delegacion-coreana-en-la-alcaldia-cuauhtemoc\/","title":{"rendered":"ALE ROJO DE LA VEGA RECIBE A DELEGACI\u00d3N COREANA EN LA ALCALD\u00cdA CUAUHT\u00c9MOC"},"content":{"rendered":"<br \/><br \/>_* \u2018El Coraz\u00f3n de M\u00e9xico\u2019 y el Distrito Seocho fortalecen lazos de cooperaci\u00f3n cultural y urbana._<br \/>_* El encuentro busca impulsar intercambios en materia de cultura, turismo, movilidad y desarrollo urbano._<br \/><br \/><br \/>La alcaldesa Alessandra Rojo de la Vega recibi\u00f3 en la sede de la Alcald\u00eda Cuauht\u00e9moc a la delegaci\u00f3n oficial del Distrito de Seocho, Rep\u00fablica de Corea, encabezada por su vicealcalde Young Jun Chung, quien acudi\u00f3 acompa\u00f1ado de Jin Suk Mun, jefe de la Divisi\u00f3n de Gesti\u00f3n de Tr\u00e1nsito y Aparcamiento, y Seong Jin Lim, responsable de la Divisi\u00f3n de Cultura y Turismo de la Embajada de Corea en M\u00e9xico.<br \/><br \/>Durante la reuni\u00f3n, la alcaldesa destac\u00f3 la importancia de la cooperaci\u00f3n internacional como v\u00eda para el intercambio de experiencias exitosas en beneficio de las comunidades locales.<br \/><br \/>\u201cNos honra recibirles en la Alcald\u00eda Cuauht\u00e9moc, que es el centro cultural, pol\u00edtico, econ\u00f3mico y social, no solo de la Ciudad de M\u00e9xico, sino del pa\u00eds entero (\u2026) y hoy m\u00e1s que retomar una relaci\u00f3n institucional, queremos revitalizarla con fuerza y con una visi\u00f3n compartida y del futuro.\u201d, expres\u00f3 Rojo de la Vega.<br \/><br \/>El encuentro tuvo como prop\u00f3sito abrir nuevas oportunidades de cooperaci\u00f3n bilateral, particularmente en temas de movilidad urbana, cultura, turismo y desarrollo sustentable, con miras a generar futuras actividades conjuntas entre ambas administraciones.<br \/><br \/>La alcaldesa subray\u00f3 que la alianza con Seocho se enmarca en una agenda de diplomacia cultural impulsada desde el gobierno de Cuauht\u00e9moc, centrada en el intercambio de experiencias y pr\u00e1cticas urbanas que contribuyan al desarrollo social y econ\u00f3mico de ambas demarcaciones.<br \/><br \/>\u201cNos interesa aprender de sus exitosas pr\u00e1cticas, pero tambi\u00e9n compartir lo que nos hace \u00fanicos, nuestra capacidad de hacer comunidad a trav\u00e9s del arte, de la memoria, de la innovaci\u00f3n, de la industria y de la inclusi\u00f3n\u201d, se\u00f1al\u00f3.<br \/><br \/>La delegaci\u00f3n coreana reconoci\u00f3 la relevancia de la Alcald\u00eda Cuauht\u00e9moc como centro hist\u00f3rico y cultural de la Ciudad de M\u00e9xico, y reiter\u00f3 su disposici\u00f3n para mantener un di\u00e1logo constante y colaborativo con el gobierno local.","protected":false},"excerpt":{"rendered":"<p>_* \u2018El Coraz\u00f3n de M\u00e9xico\u2019 y el Distrito Seocho fortalecen lazos de cooperaci\u00f3n cultural y urbana.__* El encuentro busca impulsar intercambios en materia de cultura, turismo, movilidad y desarrollo urbano._ La alcaldesa Alessandra Rojo de la Vega recibi\u00f3 en la sede de la Alcald\u00eda Cuauht\u00e9moc a la delegaci\u00f3n oficial del Distrito de Seocho, Rep\u00fablica de [&hellip;]<\/p>\n","protected":false},"author":6,"featured_media":2148,"comment_status":"open","ping_status":"open","sticky":false,"template":"","format":"standard","meta":{"footnotes":""},"categories":[1],"tags":[],"ppma_author":[43],"class_list":["post-2112","post","type-post","status-publish","format-standard","has-post-thumbnail","hentry","category-blog"],"authors":[{"term_id":43,"user_id":6,"is_guest":0,"slug":"staff","display_name":"STAFF","avatar_url":{"url":"https:\/\/pulsociudadano.network\/wp-content\/uploads\/2023\/11\/cropped-301392363_529368922396272_1685931149298827625_n-1.jpg","url2x":"https:\/\/pulsociudadano.network\/wp-content\/uploads\/2023\/11\/cropped-301392363_529368922396272_1685931149298827625_n-1.jpg"},"0":null,"1":"","2":"","3":"","4":"","5":"","6":"","7":"","8":""}],"_links":{"self":[{"href":"https:\/\/pulsociudadano.network\/index.php\/wp-json\/wp\/v2\/posts\/2112","targetHints":{"allow":["GET"]}}],"collection":[{"href":"https:\/\/pulsociudadano.network\/index.php\/wp-json\/wp\/v2\/posts"}],"about":[{"href":"https:\/\/pulsociudadano.network\/index.php\/wp-json\/wp\/v2\/types\/post"}],"author":[{"embeddable":true,"href":"https:\/\/pulsociudadano.network\/index.php\/wp-json\/wp\/v2\/users\/6"}],"replies":[{"embeddable":true,"href":"https:\/\/pulsociudadano.network\/index.php\/wp-json\/wp\/v2\/comments?post=2112"}],"version-history":[{"count":1,"href":"https:\/\/pulsociudadano.network\/index.php\/wp-json\/wp\/v2\/posts\/2112\/revisions"}],"predecessor-version":[{"id":2113,"href":"https:\/\/pulsociudadano.network\/index.php\/wp-json\/wp\/v2\/posts\/2112\/revisions\/2113"}],"wp:featuredmedia":[{"embeddable":true,"href":"https:\/\/pulsociudadano.network\/index.php\/wp-json\/wp\/v2\/media\/2148"}],"wp:attachment":[{"href":"https:\/\/pulsociudadano.network\/index.php\/wp-json\/wp\/v2\/media?parent=2112"}],"wp:term":[{"taxonomy":"category","embeddable":true,"href":"https:\/\/pulsociudadano.network\/index.php\/wp-json\/wp\/v2\/categories?post=2112"},{"taxonomy":"post_tag","embeddable":true,"href":"https:\/\/pulsociudadano.network\/index.php\/wp-json\/wp\/v2\/tags?post=2112"},{"taxonomy":"author","embeddable":true,"href":"https:\/\/pulsociudadano.network\/index.php\/wp-json\/wp\/v2\/ppma_author?post=2112"}],"curies":[{"name":"wp","href":"https:\/\/api.w.org\/{rel}","templated":true}]}}