{"id":2061,"date":"2025-11-13T14:41:19","date_gmt":"2025-11-13T20:41:19","guid":{"rendered":"https:\/\/pulsociudadano.network\/?p=2061"},"modified":"2025-11-13T14:41:20","modified_gmt":"2025-11-13T20:41:20","slug":"sale-desde-cuauhtemoc-caravana-de-ayuda-y-maquinaria-hacia-veracruz","status":"publish","type":"post","link":"https:\/\/pulsociudadano.network\/index.php\/2025\/11\/13\/sale-desde-cuauhtemoc-caravana-de-ayuda-y-maquinaria-hacia-veracruz\/","title":{"rendered":"SALE DESDE CUAUHT\u00c9MOC CARAVANA DE AYUDA Y MAQUINARIA HACIA VERACRUZ"},"content":{"rendered":"<br \/><br \/>_* La alcaldesa Alessandra Rojo de la Vega dio el banderazo de salida a nueve toneladas de v\u00edveres, veh\u00edculos y personal operativo que apoyar\u00e1 a familias afectadas por las lluvias._<br \/>_* \u201cHoy no despedimos camiones, despedimos un pedazo del coraz\u00f3n de Cuauht\u00e9moc\u201d, expres\u00f3 la edil._<br \/><br \/><br \/>Desde la explanada de la Alcald\u00eda Cuauht\u00e9moc parti\u00f3 una caravana conformada por 36 personas, toneladas de ayuda humanitaria y m\u00e1s de 10 unidades operativas rumbo al estado de Veracruz, en apoyo a las comunidades afectadas por las recientes lluvias.<br \/><br \/>La alcaldesa Alessandra Rojo de la Vega dio el banderazo de salida a este contingente integrado por personal de Protecci\u00f3n Civil y de Mantenimiento Hidr\u00e1ulico de la Direcci\u00f3n General de Servicios Urbanos, quienes durante los pr\u00f3ximos d\u00edas pondr\u00e1n su experiencia al servicio de las familias veracruzanas.<br \/><br \/>En la caravana viajan camiones de volteo, pipas de agua potable, una unidad bobcat, veh\u00edculos de Protecci\u00f3n Civil y una unidad de ataque r\u00e1pido, adem\u00e1s de alimentos, art\u00edculos de higiene, ropa y cobijas recolectadas en el centro de acopio instalado desde hace dos semanas en la explanada de la alcald\u00eda.<br \/><br \/>Durante su mensaje, la alcaldesa subray\u00f3 que la ayuda enviada desde Cuauht\u00e9moc representa la solidaridad y empat\u00eda de miles de personas:<br \/><br \/>\u201cHoy no venimos a despedir un cami\u00f3n. Venimos a despedir un pedazo del coraz\u00f3n de Cuauht\u00e9moc, porque cada caja, cada litro de agua, va lleno de manos solidarias de personas que sin pensarlo dos veces dijeron: yo ayudo. Cuando M\u00e9xico duele, Cuauht\u00e9moc no se queda viendo. No es un acto pol\u00edtico, es un acto humano.\u201d<br \/><br \/>Ale Rojo de la Vega agradeci\u00f3 personalmente y uno a uno a los trabajadores que participan en esta misi\u00f3n y destac\u00f3 que la solidaridad es el sello que distingue al \u201cCoraz\u00f3n de M\u00e9xico\u201d, reconociendo tambi\u00e9n el respaldo de las vecinas, vecinos y comerciantes que se sumaron al acopio.<br \/><br \/>\u201cCada cami\u00f3n que hoy arranca lleva una promesa: mientras haya alguien que tenga necesidad, la Cuauht\u00e9moc va a estar ah\u00ed\u201d, se\u00f1al\u00f3.<br \/><br \/>La ayuda ser\u00e1 entregada de forma directa en las comunidades m\u00e1s afectadas de Veracruz por personal de la alcald\u00eda, que tambi\u00e9n realizar\u00e1 labores de limpieza, retiro de escombros y abastecimiento de agua potable.","protected":false},"excerpt":{"rendered":"<p>_* La alcaldesa Alessandra Rojo de la Vega dio el banderazo de salida a nueve toneladas de v\u00edveres, veh\u00edculos y personal operativo que apoyar\u00e1 a familias afectadas por las lluvias.__* \u201cHoy no despedimos camiones, despedimos un pedazo del coraz\u00f3n de Cuauht\u00e9moc\u201d, expres\u00f3 la edil._ Desde la explanada de la Alcald\u00eda Cuauht\u00e9moc parti\u00f3 una caravana conformada [&hellip;]<\/p>\n","protected":false},"author":6,"featured_media":2091,"comment_status":"open","ping_status":"open","sticky":false,"template":"","format":"standard","meta":{"footnotes":""},"categories":[1],"tags":[],"ppma_author":[43],"class_list":["post-2061","post","type-post","status-publish","format-standard","has-post-thumbnail","hentry","category-blog"],"authors":[{"term_id":43,"user_id":6,"is_guest":0,"slug":"staff","display_name":"STAFF","avatar_url":{"url":"https:\/\/pulsociudadano.network\/wp-content\/uploads\/2023\/11\/cropped-301392363_529368922396272_1685931149298827625_n-1.jpg","url2x":"https:\/\/pulsociudadano.network\/wp-content\/uploads\/2023\/11\/cropped-301392363_529368922396272_1685931149298827625_n-1.jpg"},"0":null,"1":"","2":"","3":"","4":"","5":"","6":"","7":"","8":""}],"_links":{"self":[{"href":"https:\/\/pulsociudadano.network\/index.php\/wp-json\/wp\/v2\/posts\/2061","targetHints":{"allow":["GET"]}}],"collection":[{"href":"https:\/\/pulsociudadano.network\/index.php\/wp-json\/wp\/v2\/posts"}],"about":[{"href":"https:\/\/pulsociudadano.network\/index.php\/wp-json\/wp\/v2\/types\/post"}],"author":[{"embeddable":true,"href":"https:\/\/pulsociudadano.network\/index.php\/wp-json\/wp\/v2\/users\/6"}],"replies":[{"embeddable":true,"href":"https:\/\/pulsociudadano.network\/index.php\/wp-json\/wp\/v2\/comments?post=2061"}],"version-history":[{"count":1,"href":"https:\/\/pulsociudadano.network\/index.php\/wp-json\/wp\/v2\/posts\/2061\/revisions"}],"predecessor-version":[{"id":2062,"href":"https:\/\/pulsociudadano.network\/index.php\/wp-json\/wp\/v2\/posts\/2061\/revisions\/2062"}],"wp:featuredmedia":[{"embeddable":true,"href":"https:\/\/pulsociudadano.network\/index.php\/wp-json\/wp\/v2\/media\/2091"}],"wp:attachment":[{"href":"https:\/\/pulsociudadano.network\/index.php\/wp-json\/wp\/v2\/media?parent=2061"}],"wp:term":[{"taxonomy":"category","embeddable":true,"href":"https:\/\/pulsociudadano.network\/index.php\/wp-json\/wp\/v2\/categories?post=2061"},{"taxonomy":"post_tag","embeddable":true,"href":"https:\/\/pulsociudadano.network\/index.php\/wp-json\/wp\/v2\/tags?post=2061"},{"taxonomy":"author","embeddable":true,"href":"https:\/\/pulsociudadano.network\/index.php\/wp-json\/wp\/v2\/ppma_author?post=2061"}],"curies":[{"name":"wp","href":"https:\/\/api.w.org\/{rel}","templated":true}]}}