{"id":2047,"date":"2025-11-13T14:49:31","date_gmt":"2025-11-13T20:49:31","guid":{"rendered":"https:\/\/pulsociudadano.network\/?p=2047"},"modified":"2025-11-13T14:49:32","modified_gmt":"2025-11-13T20:49:32","slug":"ale-rojo-de-la-vega-da-la-bienvenida-al-segundo-congreso-mundial-del-mariachi","status":"publish","type":"post","link":"https:\/\/pulsociudadano.network\/index.php\/2025\/11\/13\/ale-rojo-de-la-vega-da-la-bienvenida-al-segundo-congreso-mundial-del-mariachi\/","title":{"rendered":"ALE ROJO DE LA VEGA DA LA BIENVENIDA AL SEGUNDO CONGRESO MUNDIAL DEL MARIACHI"},"content":{"rendered":"<br \/><br \/>_* La mandataria destac\u00f3 que el mariachi es identidad, historia y orgullo que une a M\u00e9xico._<br \/>_* El evento reunir\u00e1 a m\u00e1s de 25 agrupaciones y tendr\u00e1 como embajadores a Majo Aguilar y Mart\u00edn Urieta._<br \/><br \/><br \/>La alcaldesa de Cuauht\u00e9moc, Alessandra Rojo de la Vega, particip\u00f3 en la presentaci\u00f3n del Segundo Congreso Mundial del Mariachi, que se llevar\u00e1 a cabo del 5 al 9 de noviembre de 2025 en distintos puntos de la Ciudad de M\u00e9xico, con la presentaci\u00f3n de m\u00e1s de 25 agrupaciones nacionales e internacionales.<br \/><br \/>Durante su mensaje, la mandataria record\u00f3 que fue precisamente en la Cuauht\u00e9moc donde se rompi\u00f3 el r\u00e9cord Guinness con la participaci\u00f3n de mil 122 m\u00fasicos reunidos en el coraz\u00f3n de la capital.<br \/><br \/>Ale Rojo de la Vega subray\u00f3 que ese logro fue \u201cun acto de amor a nuestras ra\u00edces\u201d, y reconoci\u00f3 que este nuevo encuentro vuelve a poner el nombre de M\u00e9xico en alto.<br \/><br \/>La alcaldesa aprovech\u00f3 el foro para expresar su solidaridad con las familias afectadas por las recientes lluvias e inundaciones en el pa\u00eds:<br \/><br \/>\u201cMientras celebramos nuestra cultura y nuestra historia, muchas familias est\u00e1n sufriendo por las fuertes lluvias e inundaciones. Desde aqu\u00ed enviamos toda nuestra solidaridad y cari\u00f1o a quienes hoy enfrentan momentos dif\u00edciles\u201d, destac\u00f3.<br \/><br \/>Finalmente, celebr\u00f3 que este congreso vuelva a realizarse en la Cuauht\u00e9moc: \u00abqu\u00e9 honor que nuevamente el Segundo Congreso Mundial del Mariachi se lleve a cabo en Cuauht\u00e9moc, en el coraz\u00f3n palpitante de la Ciudad de M\u00e9xico, en el oasis de la libertad, de derechos, de diversidad y de cultura, donde el mariachi volver\u00e1 a sonar m\u00e1s fuerte que nunca\u201d.<br \/><br \/>El Segundo Congreso Mundial del Mariachi contar\u00e1 con una agenda de conciertos y actividades culturales que iniciar\u00e1n el 5 de noviembre y tendr\u00e1 un gran cierre en el Z\u00f3calo capitalino el 9 de noviembre, con la participaci\u00f3n estelar de Majo Aguilar y Mart\u00edn Urieta, adem\u00e1s de la presencia de F\u00e1tima Bosh, Miss Universe M\u00e9xico, embajadores de esta edici\u00f3n.","protected":false},"excerpt":{"rendered":"<p>_* La mandataria destac\u00f3 que el mariachi es identidad, historia y orgullo que une a M\u00e9xico.__* El evento reunir\u00e1 a m\u00e1s de 25 agrupaciones y tendr\u00e1 como embajadores a Majo Aguilar y Mart\u00edn Urieta._ La alcaldesa de Cuauht\u00e9moc, Alessandra Rojo de la Vega, particip\u00f3 en la presentaci\u00f3n del Segundo Congreso Mundial del Mariachi, que se [&hellip;]<\/p>\n","protected":false},"author":6,"featured_media":2100,"comment_status":"open","ping_status":"open","sticky":false,"template":"","format":"standard","meta":{"footnotes":""},"categories":[1],"tags":[],"ppma_author":[43],"class_list":["post-2047","post","type-post","status-publish","format-standard","has-post-thumbnail","hentry","category-blog"],"authors":[{"term_id":43,"user_id":6,"is_guest":0,"slug":"staff","display_name":"STAFF","avatar_url":{"url":"https:\/\/pulsociudadano.network\/wp-content\/uploads\/2023\/11\/cropped-301392363_529368922396272_1685931149298827625_n-1.jpg","url2x":"https:\/\/pulsociudadano.network\/wp-content\/uploads\/2023\/11\/cropped-301392363_529368922396272_1685931149298827625_n-1.jpg"},"0":null,"1":"","2":"","3":"","4":"","5":"","6":"","7":"","8":""}],"_links":{"self":[{"href":"https:\/\/pulsociudadano.network\/index.php\/wp-json\/wp\/v2\/posts\/2047","targetHints":{"allow":["GET"]}}],"collection":[{"href":"https:\/\/pulsociudadano.network\/index.php\/wp-json\/wp\/v2\/posts"}],"about":[{"href":"https:\/\/pulsociudadano.network\/index.php\/wp-json\/wp\/v2\/types\/post"}],"author":[{"embeddable":true,"href":"https:\/\/pulsociudadano.network\/index.php\/wp-json\/wp\/v2\/users\/6"}],"replies":[{"embeddable":true,"href":"https:\/\/pulsociudadano.network\/index.php\/wp-json\/wp\/v2\/comments?post=2047"}],"version-history":[{"count":1,"href":"https:\/\/pulsociudadano.network\/index.php\/wp-json\/wp\/v2\/posts\/2047\/revisions"}],"predecessor-version":[{"id":2048,"href":"https:\/\/pulsociudadano.network\/index.php\/wp-json\/wp\/v2\/posts\/2047\/revisions\/2048"}],"wp:featuredmedia":[{"embeddable":true,"href":"https:\/\/pulsociudadano.network\/index.php\/wp-json\/wp\/v2\/media\/2100"}],"wp:attachment":[{"href":"https:\/\/pulsociudadano.network\/index.php\/wp-json\/wp\/v2\/media?parent=2047"}],"wp:term":[{"taxonomy":"category","embeddable":true,"href":"https:\/\/pulsociudadano.network\/index.php\/wp-json\/wp\/v2\/categories?post=2047"},{"taxonomy":"post_tag","embeddable":true,"href":"https:\/\/pulsociudadano.network\/index.php\/wp-json\/wp\/v2\/tags?post=2047"},{"taxonomy":"author","embeddable":true,"href":"https:\/\/pulsociudadano.network\/index.php\/wp-json\/wp\/v2\/ppma_author?post=2047"}],"curies":[{"name":"wp","href":"https:\/\/api.w.org\/{rel}","templated":true}]}}