{"id":2043,"date":"2025-11-13T14:50:58","date_gmt":"2025-11-13T20:50:58","guid":{"rendered":"https:\/\/pulsociudadano.network\/?p=2043"},"modified":"2025-11-13T14:50:58","modified_gmt":"2025-11-13T20:50:58","slug":"alcaldia-cuauhtemoc-retira-76-puestos-que-obstruian-el-espacio-publico","status":"publish","type":"post","link":"https:\/\/pulsociudadano.network\/index.php\/2025\/11\/13\/alcaldia-cuauhtemoc-retira-76-puestos-que-obstruian-el-espacio-publico\/","title":{"rendered":"ALCALD\u00cdA CUAUHT\u00c9MOC RETIRA 76 PUESTOS QUE OBSTRU\u00cdAN EL ESPACIO P\u00daBLICO"},"content":{"rendered":"<br \/><br \/>_* El operativo se llev\u00f3 a cabo en inmediaciones de la Estaci\u00f3n Balderas del Metro._<br \/>_* Por instrucciones de la alcaldesa Ale Rojo de la Vega, continuar\u00e1n los operativos en las 33 colonias._<br \/><br \/><br \/>En atenci\u00f3n a denuncias ciudadanas por invasi\u00f3n del espacio p\u00fablico, agresiones a transe\u00fantes e impedir el paso a rampas de acceso, personal de la demarcaci\u00f3n retir\u00f3 76 puestos que no contaban con permiso para operar.<br \/><br \/>El dispositivo se despleg\u00f3 esta ma\u00f1ana en inmediaciones de la estaci\u00f3n Balderas del Sistema de Transporte Colectivo (STC) Metro, donde personal de la Direcci\u00f3n General de Gobierno de la demarcaci\u00f3n y elementos de la Polic\u00eda Auxiliar (PA), quitaron las estructuras met\u00e1licas del comercio informal que invadan el paso peatonal. <br \/><br \/>La diligencia se llev\u00f3 a cabo en apego a los derechos humanos, ya que el Gobierno que encabeza Alessandra Rojo de la Vega se ha distinguido por privimegiar el di\u00e1logo con los comerciantes, con quienes se han realizado jornadas de limpieza en otros espacios.<br \/><br \/>Por instrucciones de la alcaldesa, esta administraci\u00f3n continuar\u00e1 con los operativos de verificaci\u00f3n y recuperaci\u00f3n del espacio p\u00fablico en las 33 colonias que conforman el territorio.","protected":false},"excerpt":{"rendered":"<p>_* El operativo se llev\u00f3 a cabo en inmediaciones de la Estaci\u00f3n Balderas del Metro.__* Por instrucciones de la alcaldesa Ale Rojo de la Vega, continuar\u00e1n los operativos en las 33 colonias._ En atenci\u00f3n a denuncias ciudadanas por invasi\u00f3n del espacio p\u00fablico, agresiones a transe\u00fantes e impedir el paso a rampas de acceso, personal de [&hellip;]<\/p>\n","protected":false},"author":6,"featured_media":2102,"comment_status":"open","ping_status":"open","sticky":false,"template":"","format":"standard","meta":{"footnotes":""},"categories":[1],"tags":[],"ppma_author":[43],"class_list":["post-2043","post","type-post","status-publish","format-standard","has-post-thumbnail","hentry","category-blog"],"authors":[{"term_id":43,"user_id":6,"is_guest":0,"slug":"staff","display_name":"STAFF","avatar_url":{"url":"https:\/\/pulsociudadano.network\/wp-content\/uploads\/2023\/11\/cropped-301392363_529368922396272_1685931149298827625_n-1.jpg","url2x":"https:\/\/pulsociudadano.network\/wp-content\/uploads\/2023\/11\/cropped-301392363_529368922396272_1685931149298827625_n-1.jpg"},"0":null,"1":"","2":"","3":"","4":"","5":"","6":"","7":"","8":""}],"_links":{"self":[{"href":"https:\/\/pulsociudadano.network\/index.php\/wp-json\/wp\/v2\/posts\/2043","targetHints":{"allow":["GET"]}}],"collection":[{"href":"https:\/\/pulsociudadano.network\/index.php\/wp-json\/wp\/v2\/posts"}],"about":[{"href":"https:\/\/pulsociudadano.network\/index.php\/wp-json\/wp\/v2\/types\/post"}],"author":[{"embeddable":true,"href":"https:\/\/pulsociudadano.network\/index.php\/wp-json\/wp\/v2\/users\/6"}],"replies":[{"embeddable":true,"href":"https:\/\/pulsociudadano.network\/index.php\/wp-json\/wp\/v2\/comments?post=2043"}],"version-history":[{"count":1,"href":"https:\/\/pulsociudadano.network\/index.php\/wp-json\/wp\/v2\/posts\/2043\/revisions"}],"predecessor-version":[{"id":2044,"href":"https:\/\/pulsociudadano.network\/index.php\/wp-json\/wp\/v2\/posts\/2043\/revisions\/2044"}],"wp:featuredmedia":[{"embeddable":true,"href":"https:\/\/pulsociudadano.network\/index.php\/wp-json\/wp\/v2\/media\/2102"}],"wp:attachment":[{"href":"https:\/\/pulsociudadano.network\/index.php\/wp-json\/wp\/v2\/media?parent=2043"}],"wp:term":[{"taxonomy":"category","embeddable":true,"href":"https:\/\/pulsociudadano.network\/index.php\/wp-json\/wp\/v2\/categories?post=2043"},{"taxonomy":"post_tag","embeddable":true,"href":"https:\/\/pulsociudadano.network\/index.php\/wp-json\/wp\/v2\/tags?post=2043"},{"taxonomy":"author","embeddable":true,"href":"https:\/\/pulsociudadano.network\/index.php\/wp-json\/wp\/v2\/ppma_author?post=2043"}],"curies":[{"name":"wp","href":"https:\/\/api.w.org\/{rel}","templated":true}]}}