{"id":2041,"date":"2025-11-13T14:51:56","date_gmt":"2025-11-13T20:51:56","guid":{"rendered":"https:\/\/pulsociudadano.network\/?p=2041"},"modified":"2025-11-13T14:51:57","modified_gmt":"2025-11-13T20:51:57","slug":"junto-a-locatarios-ale-rojo-de-la-vega-celebra-68-aniversario-de-los-mercados-de-tepito","status":"publish","type":"post","link":"https:\/\/pulsociudadano.network\/index.php\/2025\/11\/13\/junto-a-locatarios-ale-rojo-de-la-vega-celebra-68-aniversario-de-los-mercados-de-tepito\/","title":{"rendered":"JUNTO A LOCATARIOS, ALE ROJO DE LA VEGA CELEBRA 68 ANIVERSARIO DE LOS MERCADOS DE TEPITO"},"content":{"rendered":"*JUNTO A LOCATARIOS, ALE ROJO DE LA VEGA CELEBRA 68 ANIVERSARIO DE LOS MERCADOS DE TEPITO*<br \/><br \/>_* La mandataria convivi\u00f3 con locatarios de los mercados Mart\u00ednez de la Torre y Granaditas._<br \/>_* Los mercados de la Cuauht\u00e9moc ser\u00e1n parte fundamental para recibir a visitantes durante el Mundial de la FIFA 2026, afirm\u00f3._<br \/><br \/><br \/>Con motivo del 68 aniversario de los mercados de Tepito, la alcaldesa Alessandra Rojo de la Vega visit\u00f3 los mercados Mart\u00ednez de la Torre y Granaditas, donde convivi\u00f3 con locatarios y reconoci\u00f3 su papel como el coraz\u00f3n econ\u00f3mico y social de la demarcaci\u00f3n.<br \/><br \/>En su visita y de cara al Mundial de la FIFA 2026, la alcaldesa subray\u00f3 que los mercados de la Cuauht\u00e9moc ser\u00e1n parte fundamental para quienes visiten la Ciudad de M\u00e9xico, al representar la esencia cultural, gastron\u00f3mica y comercial de la capital.<br \/><br \/>En este sentido, destac\u00f3 que su administraci\u00f3n ha impulsado diversas acciones para modernizar y dignificar los mercados p\u00fablicos, como la instalaci\u00f3n de contenedores para recolecci\u00f3n de aceite usado en 35 centros de abasto \u2014programa pionero a nivel nacional\u2014 y la construcci\u00f3n del puente peatonal en el Mercado de Artesan\u00edas y Curiosidades de San Juan, que mejora la seguridad de locatarios y visitantes.<br \/><br \/>Entre m\u00fasica, pastel y muestras de cari\u00f1o, la alcaldesa celebr\u00f3 junto a las y los comerciantes, a quienes agradeci\u00f3 por mantener viva la tradici\u00f3n de trabajo y solidaridad que caracteriza a Tepito.<br \/><br \/>Finalmente, reiter\u00f3 su compromiso de seguir trabajando de la mano con las y los comerciantes para mantener los mercados limpios, seguros y activos, como s\u00edmbolo de identidad, desarrollo y orgullo para toda la comunidad.","protected":false},"excerpt":{"rendered":"<p>*JUNTO A LOCATARIOS, ALE ROJO DE LA VEGA CELEBRA 68 ANIVERSARIO DE LOS MERCADOS DE TEPITO* _* La mandataria convivi\u00f3 con locatarios de los mercados Mart\u00ednez de la Torre y Granaditas.__* Los mercados de la Cuauht\u00e9moc ser\u00e1n parte fundamental para recibir a visitantes durante el Mundial de la FIFA 2026, afirm\u00f3._ Con motivo del 68 [&hellip;]<\/p>\n","protected":false},"author":6,"featured_media":2103,"comment_status":"open","ping_status":"open","sticky":false,"template":"","format":"standard","meta":{"footnotes":""},"categories":[1],"tags":[],"ppma_author":[43],"class_list":["post-2041","post","type-post","status-publish","format-standard","has-post-thumbnail","hentry","category-blog"],"authors":[{"term_id":43,"user_id":6,"is_guest":0,"slug":"staff","display_name":"STAFF","avatar_url":{"url":"https:\/\/pulsociudadano.network\/wp-content\/uploads\/2023\/11\/cropped-301392363_529368922396272_1685931149298827625_n-1.jpg","url2x":"https:\/\/pulsociudadano.network\/wp-content\/uploads\/2023\/11\/cropped-301392363_529368922396272_1685931149298827625_n-1.jpg"},"0":null,"1":"","2":"","3":"","4":"","5":"","6":"","7":"","8":""}],"_links":{"self":[{"href":"https:\/\/pulsociudadano.network\/index.php\/wp-json\/wp\/v2\/posts\/2041","targetHints":{"allow":["GET"]}}],"collection":[{"href":"https:\/\/pulsociudadano.network\/index.php\/wp-json\/wp\/v2\/posts"}],"about":[{"href":"https:\/\/pulsociudadano.network\/index.php\/wp-json\/wp\/v2\/types\/post"}],"author":[{"embeddable":true,"href":"https:\/\/pulsociudadano.network\/index.php\/wp-json\/wp\/v2\/users\/6"}],"replies":[{"embeddable":true,"href":"https:\/\/pulsociudadano.network\/index.php\/wp-json\/wp\/v2\/comments?post=2041"}],"version-history":[{"count":1,"href":"https:\/\/pulsociudadano.network\/index.php\/wp-json\/wp\/v2\/posts\/2041\/revisions"}],"predecessor-version":[{"id":2042,"href":"https:\/\/pulsociudadano.network\/index.php\/wp-json\/wp\/v2\/posts\/2041\/revisions\/2042"}],"wp:featuredmedia":[{"embeddable":true,"href":"https:\/\/pulsociudadano.network\/index.php\/wp-json\/wp\/v2\/media\/2103"}],"wp:attachment":[{"href":"https:\/\/pulsociudadano.network\/index.php\/wp-json\/wp\/v2\/media?parent=2041"}],"wp:term":[{"taxonomy":"category","embeddable":true,"href":"https:\/\/pulsociudadano.network\/index.php\/wp-json\/wp\/v2\/categories?post=2041"},{"taxonomy":"post_tag","embeddable":true,"href":"https:\/\/pulsociudadano.network\/index.php\/wp-json\/wp\/v2\/tags?post=2041"},{"taxonomy":"author","embeddable":true,"href":"https:\/\/pulsociudadano.network\/index.php\/wp-json\/wp\/v2\/ppma_author?post=2041"}],"curies":[{"name":"wp","href":"https:\/\/api.w.org\/{rel}","templated":true}]}}