{"id":1916,"date":"2025-09-22T13:32:25","date_gmt":"2025-09-22T19:32:25","guid":{"rendered":"https:\/\/pulsociudadano.network\/?p=1916"},"modified":"2025-09-22T13:32:26","modified_gmt":"2025-09-22T19:32:26","slug":"retira-alcaldia-cuauhtemoc-cuatro-pergolas-colocadas-sin-permisos-en-roma-y-condesa","status":"publish","type":"post","link":"https:\/\/pulsociudadano.network\/index.php\/2025\/09\/22\/retira-alcaldia-cuauhtemoc-cuatro-pergolas-colocadas-sin-permisos-en-roma-y-condesa\/","title":{"rendered":"RETIRA ALCALD\u00cdA CUAUHT\u00c9MOC CUATRO P\u00c9RGOLAS COLOCADAS SIN PERMISOS EN ROMA Y CONDESA"},"content":{"rendered":"<br \/><br \/>_* Las estructuras fueron retiradas en Michoac\u00e1n y Cuernavaca, colonia Condesa, y en Acapulco 18, colonia Roma Norte._<br \/>_* La alcaldesa Alessandra Rojo de la Vega afirm\u00f3 que los espacios p\u00fablicos son para las y los vecinos, no para el desorden._<br \/><br \/><br \/>La alcaldesa de Cuauht\u00e9moc, Alessandra Rojo de la Vega, encabez\u00f3 el retiro de cuatro p\u00e9rgolas instaladas sin los permisos correspondientes en la v\u00eda p\u00fablica de las colonias Roma Norte y Condesa.<br \/><br \/>Como parte del operativo, se removieron dos estructuras localizadas en la esquina de Michoac\u00e1n y Cuernavaca, en la colonia Condesa, as\u00ed como otras dos en el n\u00famero 18 de la calle Acapulco, en la colonia Roma Norte.<br \/><br \/>\u201cOperativo en la colonia Condesa, recuperaci\u00f3n de nuestras calles, retiro de enseres y poner orden. Las banquetas y espacios son para las y los vecinos, no para el desorden. En Cuauht\u00e9moc trabajamos todos los d\u00edas para que las colonias est\u00e9n m\u00e1s seguras, limpias y transitables\u201d, afirm\u00f3 la titular de la demarcaci\u00f3n.<br \/><br \/>La administraci\u00f3n local reiter\u00f3 que continuar\u00e1 con acciones permanentes de recuperaci\u00f3n del espacio p\u00fablico en distintas colonias, con el fin de garantizar la movilidad y el derecho al libre tr\u00e1nsito de las y los habitantes de la alcald\u00eda.","protected":false},"excerpt":{"rendered":"<p>_* Las estructuras fueron retiradas en Michoac\u00e1n y Cuernavaca, colonia Condesa, y en Acapulco 18, colonia Roma Norte.__* La alcaldesa Alessandra Rojo de la Vega afirm\u00f3 que los espacios p\u00fablicos son para las y los vecinos, no para el desorden._ La alcaldesa de Cuauht\u00e9moc, Alessandra Rojo de la Vega, encabez\u00f3 el retiro de cuatro p\u00e9rgolas [&hellip;]<\/p>\n","protected":false},"author":6,"featured_media":1926,"comment_status":"open","ping_status":"open","sticky":false,"template":"","format":"standard","meta":{"footnotes":""},"categories":[1],"tags":[],"ppma_author":[43],"class_list":["post-1916","post","type-post","status-publish","format-standard","has-post-thumbnail","hentry","category-blog"],"authors":[{"term_id":43,"user_id":6,"is_guest":0,"slug":"staff","display_name":"STAFF","avatar_url":{"url":"https:\/\/pulsociudadano.network\/wp-content\/uploads\/2023\/11\/cropped-301392363_529368922396272_1685931149298827625_n-1.jpg","url2x":"https:\/\/pulsociudadano.network\/wp-content\/uploads\/2023\/11\/cropped-301392363_529368922396272_1685931149298827625_n-1.jpg"},"0":null,"1":"","2":"","3":"","4":"","5":"","6":"","7":"","8":""}],"_links":{"self":[{"href":"https:\/\/pulsociudadano.network\/index.php\/wp-json\/wp\/v2\/posts\/1916","targetHints":{"allow":["GET"]}}],"collection":[{"href":"https:\/\/pulsociudadano.network\/index.php\/wp-json\/wp\/v2\/posts"}],"about":[{"href":"https:\/\/pulsociudadano.network\/index.php\/wp-json\/wp\/v2\/types\/post"}],"author":[{"embeddable":true,"href":"https:\/\/pulsociudadano.network\/index.php\/wp-json\/wp\/v2\/users\/6"}],"replies":[{"embeddable":true,"href":"https:\/\/pulsociudadano.network\/index.php\/wp-json\/wp\/v2\/comments?post=1916"}],"version-history":[{"count":1,"href":"https:\/\/pulsociudadano.network\/index.php\/wp-json\/wp\/v2\/posts\/1916\/revisions"}],"predecessor-version":[{"id":1917,"href":"https:\/\/pulsociudadano.network\/index.php\/wp-json\/wp\/v2\/posts\/1916\/revisions\/1917"}],"wp:featuredmedia":[{"embeddable":true,"href":"https:\/\/pulsociudadano.network\/index.php\/wp-json\/wp\/v2\/media\/1926"}],"wp:attachment":[{"href":"https:\/\/pulsociudadano.network\/index.php\/wp-json\/wp\/v2\/media?parent=1916"}],"wp:term":[{"taxonomy":"category","embeddable":true,"href":"https:\/\/pulsociudadano.network\/index.php\/wp-json\/wp\/v2\/categories?post=1916"},{"taxonomy":"post_tag","embeddable":true,"href":"https:\/\/pulsociudadano.network\/index.php\/wp-json\/wp\/v2\/tags?post=1916"},{"taxonomy":"author","embeddable":true,"href":"https:\/\/pulsociudadano.network\/index.php\/wp-json\/wp\/v2\/ppma_author?post=1916"}],"curies":[{"name":"wp","href":"https:\/\/api.w.org\/{rel}","templated":true}]}}