{"id":1908,"date":"2025-09-22T13:37:23","date_gmt":"2025-09-22T19:37:23","guid":{"rendered":"https:\/\/pulsociudadano.network\/?p=1908"},"modified":"2025-09-22T13:37:23","modified_gmt":"2025-09-22T19:37:23","slug":"ale-rojo-de-la-vega-da-el-grito-de-independencia-ante-mas-de-10-mil-personas-en-la-explanada-de-la-demarcacion","status":"publish","type":"post","link":"https:\/\/pulsociudadano.network\/index.php\/2025\/09\/22\/ale-rojo-de-la-vega-da-el-grito-de-independencia-ante-mas-de-10-mil-personas-en-la-explanada-de-la-demarcacion\/","title":{"rendered":"ALE ROJO DE LA VEGA DA EL GRITO DE INDEPENDENCIA ANTE M\u00c1S DE 10 MIL PERSONAS EN LA EXPLANADA DE LA DEMARCACI\u00d3N"},"content":{"rendered":"<br \/><br \/><br \/>En punto de las 10:50 de la noche, la alcaldesa Alessandra Rojo de la Vega recibi\u00f3 el L\u00e1baro Patrio de manos de una escolta femenina integrada por j\u00f3venes estudiantes que dieron solemnidad al protocolo. Acto seguido, camin\u00f3 hacia el balc\u00f3n central de la sede de gobierno, donde la esperaban m\u00e1s de 10 mil personas entre aplausos, banderas ondeando y el \u00e1nimo desbordado en la explanada de la Cuauht\u00e9moc.<br \/><br \/>Con voz firme, lanz\u00f3 la arenga evocando a las hero\u00ednas y h\u00e9roes de la Independencia, pero tambi\u00e9n con un mensaje al presente: \u201c\u00a1Mueran los vicios corruptos y la doble moral que golpea a nuestro pueblo! \u00a1Muera la impunidad y el mal gobierno!\u201d, exclam\u00f3, mientras la multitud acompa\u00f1aba cada frase con fuerza. Tambi\u00e9n dedic\u00f3 vivas a las causas sociales y a quienes luchan por la justicia: \u201c\u00a1Vivan las madres buscadoras! \u00a1Vivan los derechos y libertades de las mujeres! \u00a1Vivan quienes defendemos la verdad, la justicia y la libertad!\u201d<br \/><br \/>El repique de la campana y el eco del triple \u201c\u00a1Viva M\u00e9xico!\u201d encendieron la explanada. Minutos despu\u00e9s, un espect\u00e1culo de pirotecnia pint\u00f3 el cielo con los colores patrios y abri\u00f3 paso a la presentaci\u00f3n estelar de la Banda El Recodo, que convirti\u00f3 la noche en una fiesta llena de tradici\u00f3n, memoria y alegr\u00eda en el coraz\u00f3n de la capital.","protected":false},"excerpt":{"rendered":"<p>En punto de las 10:50 de la noche, la alcaldesa Alessandra Rojo de la Vega recibi\u00f3 el L\u00e1baro Patrio de manos de una escolta femenina integrada por j\u00f3venes estudiantes que dieron solemnidad al protocolo. Acto seguido, camin\u00f3 hacia el balc\u00f3n central de la sede de gobierno, donde la esperaban m\u00e1s de 10 mil personas entre [&hellip;]<\/p>\n","protected":false},"author":6,"featured_media":1930,"comment_status":"open","ping_status":"open","sticky":false,"template":"","format":"standard","meta":{"footnotes":""},"categories":[1],"tags":[],"ppma_author":[43],"class_list":["post-1908","post","type-post","status-publish","format-standard","has-post-thumbnail","hentry","category-blog"],"authors":[{"term_id":43,"user_id":6,"is_guest":0,"slug":"staff","display_name":"STAFF","avatar_url":{"url":"https:\/\/pulsociudadano.network\/wp-content\/uploads\/2023\/11\/cropped-301392363_529368922396272_1685931149298827625_n-1.jpg","url2x":"https:\/\/pulsociudadano.network\/wp-content\/uploads\/2023\/11\/cropped-301392363_529368922396272_1685931149298827625_n-1.jpg"},"0":null,"1":"","2":"","3":"","4":"","5":"","6":"","7":"","8":""}],"_links":{"self":[{"href":"https:\/\/pulsociudadano.network\/index.php\/wp-json\/wp\/v2\/posts\/1908","targetHints":{"allow":["GET"]}}],"collection":[{"href":"https:\/\/pulsociudadano.network\/index.php\/wp-json\/wp\/v2\/posts"}],"about":[{"href":"https:\/\/pulsociudadano.network\/index.php\/wp-json\/wp\/v2\/types\/post"}],"author":[{"embeddable":true,"href":"https:\/\/pulsociudadano.network\/index.php\/wp-json\/wp\/v2\/users\/6"}],"replies":[{"embeddable":true,"href":"https:\/\/pulsociudadano.network\/index.php\/wp-json\/wp\/v2\/comments?post=1908"}],"version-history":[{"count":1,"href":"https:\/\/pulsociudadano.network\/index.php\/wp-json\/wp\/v2\/posts\/1908\/revisions"}],"predecessor-version":[{"id":1909,"href":"https:\/\/pulsociudadano.network\/index.php\/wp-json\/wp\/v2\/posts\/1908\/revisions\/1909"}],"wp:featuredmedia":[{"embeddable":true,"href":"https:\/\/pulsociudadano.network\/index.php\/wp-json\/wp\/v2\/media\/1930"}],"wp:attachment":[{"href":"https:\/\/pulsociudadano.network\/index.php\/wp-json\/wp\/v2\/media?parent=1908"}],"wp:term":[{"taxonomy":"category","embeddable":true,"href":"https:\/\/pulsociudadano.network\/index.php\/wp-json\/wp\/v2\/categories?post=1908"},{"taxonomy":"post_tag","embeddable":true,"href":"https:\/\/pulsociudadano.network\/index.php\/wp-json\/wp\/v2\/tags?post=1908"},{"taxonomy":"author","embeddable":true,"href":"https:\/\/pulsociudadano.network\/index.php\/wp-json\/wp\/v2\/ppma_author?post=1908"}],"curies":[{"name":"wp","href":"https:\/\/api.w.org\/{rel}","templated":true}]}}