{"id":1906,"date":"2025-09-22T13:38:58","date_gmt":"2025-09-22T19:38:58","guid":{"rendered":"https:\/\/pulsociudadano.network\/?p=1906"},"modified":"2025-09-22T13:38:58","modified_gmt":"2025-09-22T19:38:58","slug":"alcaldia-cuauhtemoc-garantiza-cremaciones-gratuitas-para-personas-en-situacion-de-calle","status":"publish","type":"post","link":"https:\/\/pulsociudadano.network\/index.php\/2025\/09\/22\/alcaldia-cuauhtemoc-garantiza-cremaciones-gratuitas-para-personas-en-situacion-de-calle\/","title":{"rendered":"ALCALD\u00cdA CUAUHT\u00c9MOC GARANTIZA CREMACIONES GRATUITAS PARA PERSONAS EN SITUACI\u00d3N DE CALLE"},"content":{"rendered":"<br \/><br \/>_* La alcaldesa Alessandra Rojo de la Vega firm\u00f3 un convenio con la funeraria J. Garc\u00eda L\u00f3pez._<br \/>_* El acuerdo contempla cuatro cremaciones mensuales durante un a\u00f1o, con traslado, tr\u00e1mites y urna b\u00e1sica._<br \/><br \/><br \/>Con el objetivo de garantizar dignidad en la partida de quienes m\u00e1s lo necesitan, la alcaldesa de Cuauht\u00e9moc, Alessandra Rojo de la Vega firm\u00f3 un Convenio de Colaboraci\u00f3n con la funeraria J. Garc\u00eda L\u00f3pez, mediante el cual se otorgar\u00e1n cremaciones gratuitas a personas en situaci\u00f3n de calle que fallezcan en la demarcaci\u00f3n.<br \/><br \/>El convenio establece que la empresa brindar\u00e1 cuatro servicios mensuales durante un a\u00f1o, que incluyen traslado, uso del horno crematorio, urna b\u00e1sica, tr\u00e1mites de defunci\u00f3n cuando la causa sea natural y un espacio para que hasta tres personas puedan acompa\u00f1ar en el \u00faltimo adi\u00f3s.<br \/><br \/>A la firma asisti\u00f3 Mar\u00eda Guadalupe Garc\u00eda Bravo, presidenta de la funeraria J. Garc\u00eda L\u00f3pez, quien refrend\u00f3 el compromiso de la empresa con la responsabilidad social.<br \/><br \/>En su mensaje, Ale Rojo de la Vega sostuvo que el acuerdo es una forma de enfrentar una realidad dolorosa:<br \/>\u201clas personas en situaci\u00f3n de calle han sido hist\u00f3ricamente invisibilizadas, incluso en el momento de partir. Hoy decidimos plantarle cara a esa vulnerabilidad\u201d.<br \/><br \/>La mandataria record\u00f3 que la Cuauht\u00e9moc concentra m\u00e1s del 50 por ciento de la poblaci\u00f3n en situaci\u00f3n de calle de la ciudad, con m\u00e1s de 600 personas registradas en el \u00faltimo conteo. \u201cLa magnitud es cruda, pero la indiferencia ser\u00eda imperdonable. Por eso actuamos\u201d, subray\u00f3.<br \/><br \/>Finalmente, agradeci\u00f3 a la funeraria J. Garc\u00eda L\u00f3pez por sumarse a este esfuerzo y convoc\u00f3 a otros sectores \u2014empresarial, acad\u00e9mico, social y vecinal\u2014 a trabajar en conjunto.<br \/><br \/>\u201cGobernar tambi\u00e9n es hacernos cargo de lo olvidado. Este es el punto de partida, no de llegada. Convertimos la compasi\u00f3n en estructura y la dignidad en pol\u00edtica p\u00fablica\u201d, concluy\u00f3.","protected":false},"excerpt":{"rendered":"<p>_* La alcaldesa Alessandra Rojo de la Vega firm\u00f3 un convenio con la funeraria J. Garc\u00eda L\u00f3pez.__* El acuerdo contempla cuatro cremaciones mensuales durante un a\u00f1o, con traslado, tr\u00e1mites y urna b\u00e1sica._ Con el objetivo de garantizar dignidad en la partida de quienes m\u00e1s lo necesitan, la alcaldesa de Cuauht\u00e9moc, Alessandra Rojo de la Vega [&hellip;]<\/p>\n","protected":false},"author":6,"featured_media":1931,"comment_status":"open","ping_status":"open","sticky":false,"template":"","format":"standard","meta":{"footnotes":""},"categories":[1],"tags":[],"ppma_author":[43],"class_list":["post-1906","post","type-post","status-publish","format-standard","has-post-thumbnail","hentry","category-blog"],"authors":[{"term_id":43,"user_id":6,"is_guest":0,"slug":"staff","display_name":"STAFF","avatar_url":{"url":"https:\/\/pulsociudadano.network\/wp-content\/uploads\/2023\/11\/cropped-301392363_529368922396272_1685931149298827625_n-1.jpg","url2x":"https:\/\/pulsociudadano.network\/wp-content\/uploads\/2023\/11\/cropped-301392363_529368922396272_1685931149298827625_n-1.jpg"},"0":null,"1":"","2":"","3":"","4":"","5":"","6":"","7":"","8":""}],"_links":{"self":[{"href":"https:\/\/pulsociudadano.network\/index.php\/wp-json\/wp\/v2\/posts\/1906","targetHints":{"allow":["GET"]}}],"collection":[{"href":"https:\/\/pulsociudadano.network\/index.php\/wp-json\/wp\/v2\/posts"}],"about":[{"href":"https:\/\/pulsociudadano.network\/index.php\/wp-json\/wp\/v2\/types\/post"}],"author":[{"embeddable":true,"href":"https:\/\/pulsociudadano.network\/index.php\/wp-json\/wp\/v2\/users\/6"}],"replies":[{"embeddable":true,"href":"https:\/\/pulsociudadano.network\/index.php\/wp-json\/wp\/v2\/comments?post=1906"}],"version-history":[{"count":1,"href":"https:\/\/pulsociudadano.network\/index.php\/wp-json\/wp\/v2\/posts\/1906\/revisions"}],"predecessor-version":[{"id":1907,"href":"https:\/\/pulsociudadano.network\/index.php\/wp-json\/wp\/v2\/posts\/1906\/revisions\/1907"}],"wp:featuredmedia":[{"embeddable":true,"href":"https:\/\/pulsociudadano.network\/index.php\/wp-json\/wp\/v2\/media\/1931"}],"wp:attachment":[{"href":"https:\/\/pulsociudadano.network\/index.php\/wp-json\/wp\/v2\/media?parent=1906"}],"wp:term":[{"taxonomy":"category","embeddable":true,"href":"https:\/\/pulsociudadano.network\/index.php\/wp-json\/wp\/v2\/categories?post=1906"},{"taxonomy":"post_tag","embeddable":true,"href":"https:\/\/pulsociudadano.network\/index.php\/wp-json\/wp\/v2\/tags?post=1906"},{"taxonomy":"author","embeddable":true,"href":"https:\/\/pulsociudadano.network\/index.php\/wp-json\/wp\/v2\/ppma_author?post=1906"}],"curies":[{"name":"wp","href":"https:\/\/api.w.org\/{rel}","templated":true}]}}