{"id":1904,"date":"2025-09-22T13:40:19","date_gmt":"2025-09-22T19:40:19","guid":{"rendered":"https:\/\/pulsociudadano.network\/?p=1904"},"modified":"2025-09-22T13:40:20","modified_gmt":"2025-09-22T19:40:20","slug":"alcaldia-cuauhtemoc-celebra-el-iii-festival-centroamericano-en-el-claustro-de-sor-juana","status":"publish","type":"post","link":"https:\/\/pulsociudadano.network\/index.php\/2025\/09\/22\/alcaldia-cuauhtemoc-celebra-el-iii-festival-centroamericano-en-el-claustro-de-sor-juana\/","title":{"rendered":"ALCALD\u00cdA CUAUHT\u00c9MOC CELEBRA EL III FESTIVAL CENTROAMERICANO EN EL CLAUSTRO DE SOR JUANA"},"content":{"rendered":"<br \/>_* En el marco del 204 aniversario de la Independencia de Centroam\u00e9rica, la demarcaci\u00f3n reafirma su vocaci\u00f3n como espacio de diversidad cultural._<br \/>_* Embajadoras y embajadores de Guatemala, El Salvador, Honduras, Nicaragua y Costa Rica encabezaron la ceremonia inaugural._<br \/>_* La programaci\u00f3n incluye m\u00fasica, arte, gastronom\u00eda y talleres con entrada libre._<br \/><br \/><br \/>El Gobierno que encabeza Alessandra Rojo de la Vega en la Alcald\u00eda Cuauht\u00e9moc, a trav\u00e9s de la Direcci\u00f3n General de Cultura y Educaci\u00f3n, inaugur\u00f3 el III Festival Centroamericano Gastron\u00f3mico, Art\u00edstico y Cultural, en coordinaci\u00f3n con la Universidad del Claustro de Sor Juana.<br \/><br \/>El acto protocolario reuni\u00f3 a distinguidos representantes diplom\u00e1ticos: Rosa Delmy Ca\u00f1as Orellana, embajadora de El Salvador; Sonia Cruz de Aspra, embajadora de Honduras; Edgar Armando Guti\u00e9rrez, embajador de Guatemala; Juan Carlos Guti\u00e9rrez Madrigal, embajador de Nicaragua; Pablo Heriberto Abarca Mora, embajador de Costa Rica.<br \/><br \/>Acompa\u00f1ados por el rector del Claustro, Rafael Tovar, las y los diplom\u00e1ticos encabezaron un homenaje a la unidad hist\u00f3rica y cultural de Centroam\u00e9rica, resaltando los lazos que unen a la regi\u00f3n con M\u00e9xico.<br \/><br \/>El festival, que se celebrar\u00e1 hasta el 13 de septiembre en las instalaciones del Claustro, ofrece al p\u00fablico m\u00fasica en vivo, muestras de arte, talleres y la riqueza gastron\u00f3mica tradicional de cada pa\u00eds participante, en un ambiente familiar y gratuito.<br \/><br \/>La Alcald\u00eda Cuauht\u00e9moc es sede de un encuentro que reconoce la libertad, la identidad y la diversidad cultural, lazos que fortalecen a la comunidad y enriquecen el coraz\u00f3n de la Ciudad de M\u00e9xico.","protected":false},"excerpt":{"rendered":"<p>_* En el marco del 204 aniversario de la Independencia de Centroam\u00e9rica, la demarcaci\u00f3n reafirma su vocaci\u00f3n como espacio de diversidad cultural.__* Embajadoras y embajadores de Guatemala, El Salvador, Honduras, Nicaragua y Costa Rica encabezaron la ceremonia inaugural.__* La programaci\u00f3n incluye m\u00fasica, arte, gastronom\u00eda y talleres con entrada libre._ El Gobierno que encabeza Alessandra Rojo [&hellip;]<\/p>\n","protected":false},"author":6,"featured_media":1932,"comment_status":"open","ping_status":"open","sticky":false,"template":"","format":"standard","meta":{"footnotes":""},"categories":[1],"tags":[],"ppma_author":[43],"class_list":["post-1904","post","type-post","status-publish","format-standard","has-post-thumbnail","hentry","category-blog"],"authors":[{"term_id":43,"user_id":6,"is_guest":0,"slug":"staff","display_name":"STAFF","avatar_url":{"url":"https:\/\/pulsociudadano.network\/wp-content\/uploads\/2023\/11\/cropped-301392363_529368922396272_1685931149298827625_n-1.jpg","url2x":"https:\/\/pulsociudadano.network\/wp-content\/uploads\/2023\/11\/cropped-301392363_529368922396272_1685931149298827625_n-1.jpg"},"0":null,"1":"","2":"","3":"","4":"","5":"","6":"","7":"","8":""}],"_links":{"self":[{"href":"https:\/\/pulsociudadano.network\/index.php\/wp-json\/wp\/v2\/posts\/1904","targetHints":{"allow":["GET"]}}],"collection":[{"href":"https:\/\/pulsociudadano.network\/index.php\/wp-json\/wp\/v2\/posts"}],"about":[{"href":"https:\/\/pulsociudadano.network\/index.php\/wp-json\/wp\/v2\/types\/post"}],"author":[{"embeddable":true,"href":"https:\/\/pulsociudadano.network\/index.php\/wp-json\/wp\/v2\/users\/6"}],"replies":[{"embeddable":true,"href":"https:\/\/pulsociudadano.network\/index.php\/wp-json\/wp\/v2\/comments?post=1904"}],"version-history":[{"count":1,"href":"https:\/\/pulsociudadano.network\/index.php\/wp-json\/wp\/v2\/posts\/1904\/revisions"}],"predecessor-version":[{"id":1905,"href":"https:\/\/pulsociudadano.network\/index.php\/wp-json\/wp\/v2\/posts\/1904\/revisions\/1905"}],"wp:featuredmedia":[{"embeddable":true,"href":"https:\/\/pulsociudadano.network\/index.php\/wp-json\/wp\/v2\/media\/1932"}],"wp:attachment":[{"href":"https:\/\/pulsociudadano.network\/index.php\/wp-json\/wp\/v2\/media?parent=1904"}],"wp:term":[{"taxonomy":"category","embeddable":true,"href":"https:\/\/pulsociudadano.network\/index.php\/wp-json\/wp\/v2\/categories?post=1904"},{"taxonomy":"post_tag","embeddable":true,"href":"https:\/\/pulsociudadano.network\/index.php\/wp-json\/wp\/v2\/tags?post=1904"},{"taxonomy":"author","embeddable":true,"href":"https:\/\/pulsociudadano.network\/index.php\/wp-json\/wp\/v2\/ppma_author?post=1904"}],"curies":[{"name":"wp","href":"https:\/\/api.w.org\/{rel}","templated":true}]}}