{"id":1875,"date":"2025-09-16T15:54:00","date_gmt":"2025-09-16T21:54:00","guid":{"rendered":"https:\/\/pulsociudadano.network\/?p=1875"},"modified":"2025-09-19T19:57:01","modified_gmt":"2025-09-20T01:57:01","slug":"voces-que-hacen-historia","status":"publish","type":"post","link":"https:\/\/pulsociudadano.network\/index.php\/2025\/09\/16\/voces-que-hacen-historia\/","title":{"rendered":"\u00a1Voces que Hacen Historia"},"content":{"rendered":"\n<p>Cada 14 de septiembre, M\u00e9xico suena al ritmo del D\u00eda del Locutor, una fecha que celebra a los maestros del micr\u00f3fono, cuyas voces han dado vida a la radio, la televisi\u00f3n y ahora las plataformas digitales. Instituida en 1957 por Francisco Neri Cano, fundador de la Asociaci\u00f3n Nacional de Locutores de M\u00e9xico, esta conmemoraci\u00f3n rinde homenaje a quienes, desde los albores de la radio, han informado, entretenido y conectado al pa\u00eds con su talento.<\/p>\n\n\n\n<p>El Origen de la Radio Mexicana: Un Sonido que Cambi\u00f3 Todo<\/p>\n\n\n\n<p>La radio en M\u00e9xico comenz\u00f3 a sonar en 1921, cuando Constantino de T\u00e1rnava transmiti\u00f3 la primera emisi\u00f3n experimental desde Monterrey, Nuevo Le\u00f3n, con m\u00fasica y mensajes improvisados. Para los a\u00f1os 30, la XEW, conocida como \u201cLa Voz de la Am\u00e9rica Latina desde M\u00e9xico\u201d, se convirti\u00f3 en el epicentro de la radio nacional, llevando a los hogares mexicanos m\u00fasica, radionovelas y noticias. En los 50, la radio viv\u00eda su \u00c9poca de Oro, y fue en este contexto que Francisco Neri Cano decidi\u00f3 dedicar un d\u00eda a los locutores, esos narradores que hac\u00edan magia con su voz. En el primer festejo del D\u00eda del Locutor, en 1957, el gremio eligi\u00f3 a la estrella de cine Elsa Aguirre como su reina simb\u00f3lica. \u00bfLo curioso? Aunque Elsa nunca fue locutora, su voz seductora en el cine la convirti\u00f3 en el emblema perfecto para un gremio que brillaba con glamour.<\/p>\n\n\n\n<p>Voces que Resonaron en la Historia<\/p>\n\n\n\n<p>La radio mexicana no ser\u00eda la misma sin sus locutores ic\u00f3nicos, muchos de los cuales dejaron an\u00e9cdotas tan sorprendentes que parecen sacadas de una radionovela. Aqu\u00ed van algunos nombres destacados y sus historias ins\u00f3litas:<\/p>\n\n\n\n<ul class=\"wp-block-list\">\n<li>Francisco Colmenero: Maestro del doblaje, su voz como Darth Vader en Star Wars era tan imponente que, seg\u00fan cuenta, una vez hizo vibrar los equipos de un estudio. En los 60, su narraci\u00f3n en radionovelas era tan envolvente que los oyentes llegaban a enviar cartas pidiendo finales felices para los personajes.<\/li>\n\n\n\n<li>Jos\u00e9 Lavat: La voz de comerciales y doblajes como el de Anthony Hopkins. En los a\u00f1os 70, grab\u00f3 un comercial en una sola toma mientras un apag\u00f3n dej\u00f3 el estudio a oscuras, gui\u00e1ndose solo por su instinto.<\/li>\n\n\n\n<li>Jorge Arvizu \u201cEl Tata\u201d: Este genio dio vida a Pedro Picapiedra y Bugs Bunny. \u00bfDato ins\u00f3lito? Pod\u00eda cambiar entre 50 voces en una sola sesi\u00f3n, confundiendo a los t\u00e9cnicos que no sab\u00edan si era \u00e9l o un elenco completo.<\/li>\n\n\n\n<li>Manuel \u201cEl Loco\u201d Vald\u00e9s: Su apodo naci\u00f3 tras una transmisi\u00f3n en vivo en los 50, cuando improvis\u00f3 un sketch tan absurdo que el equipo de producci\u00f3n no pod\u00eda parar de re\u00edr, pero \u00e9l mantuvo el control total.<\/li>\n\n\n\n<li>Paco Malgesto: Pionero de la XEW, entrevist\u00f3 a Marilyn Monroe en M\u00e9xico en 1961. Lo incre\u00edble es que logr\u00f3 que la diva respondiera en espa\u00f1ol, un hito para la radio de la \u00e9poca.<\/li>\n\n\n\n<li>Melquiades S\u00e1nchez: La voz del Estadio Azteca durante m\u00e1s de 40 a\u00f1os. Su grito de \u201c\u00a1Gooool!\u201d era tan ic\u00f3nico que los aficionados dec\u00edan que un partido sin su voz no se sent\u00eda oficial.<\/li>\n\n\n\n<li>Pedro Ferriz Santacruz: Apasionado por los ovnis, su programa Un mundo nos vigila en los 60 gener\u00f3 tal fiebre que oyentes reportaban avistamientos tras cada emisi\u00f3n, algunos m\u00e1s fantasiosos que reales.<\/li>\n\n\n\n<li>Jacobo Zabludovsky: En 1985, narr\u00f3 el terremoto de M\u00e9xico con una calma que dio esperanza a millones. Curiosamente, su voz era tan reconocida que la gente lo identificaba incluso en transmisiones an\u00f3nimas.<\/li>\n\n\n\n<li>\u00c1lvaro G\u00e1lvez y Fuentes \u201cEl Bachiller\u201d: A los 80 a\u00f1os, su estilo juvenil enga\u00f1aba a los oyentes, que cre\u00edan escuchar a un locutor de 30. En los 70, improvis\u00f3 un programa entero cuando la programaci\u00f3n fall\u00f3, salvando la transmisi\u00f3n.<\/li>\n\n\n\n<li>Juan \u201cEl Gallo\u201d Calder\u00f3n: Su energ\u00eda en la radio musical de los 80 era tan contagiosa que una vez organiz\u00f3 un concierto improvisado con oyentes en el estudio.<\/li>\n<\/ul>\n\n\n\n<p>Voces Vigentes que Siguen Brillando<\/p>\n\n\n\n<p>Los locutores actuales llevan la antorcha de la radio hacia nuevos horizontes, con historias igual de fascinantes:<\/p>\n\n\n\n<ul class=\"wp-block-list\">\n<li>Carmen Aristegui: Su periodismo cr\u00edtico ha revolucionado la radio informativa.<br>En 2015, su programa gener\u00f3 tantas reacciones en redes que colaps\u00f3 el sitio web de la emisora por unas horas.<\/li>\n\n\n\n<li>Maxine Woodside: La \u201cReina de la Radio\u201d con Todo para la Mujer. Su programa ha recibido cartas de cinco generaciones de una misma familia, un r\u00e9cord de lealtad radial.<\/li>\n\n\n\n<li>Mariano Osorio: Conocido por su calidez, una vez ley\u00f3 una carta an\u00f3nima que llev\u00f3 a un oyente a reconciliarse con su familia, un momento que marc\u00f3 a su audiencia.<\/li>\n\n\n\n<li>Pamela Cerdeira: En un debate radial, calm\u00f3 a dos pol\u00edticos rivales que casi llegan a los gritos, demostrando su maestr\u00eda como moderadora.<\/li>\n\n\n\n<li>Juan Ram\u00f3n S\u00e1enz: Su programa La Mano Peluda era tan escalofriante que algunos oyentes llamaban para confesar \u201cencuentros paranormales\u201d que resultaban ser bromas.<\/li>\n\n\n\n<li>Rosal\u00eda Bua\u00fan: Como presidenta de la Asociaci\u00f3n Nacional de Locutores, organiz\u00f3 un taller en 2023 que agot\u00f3 inscripciones en menos de un d\u00eda, mostrando el auge de la profesi\u00f3n.<\/li>\n<\/ul>\n\n\n\n<p>Datos Ins\u00f3litos de la Radio Mexicana<\/p>\n\n\n\n<ul class=\"wp-block-list\">\n<li>El susto de 1968: Un locutor recre\u00f3 La guerra de los mundos al estilo Orson Welles, causando p\u00e1nico en un pueblo donde creyeron que extraterrestres invad\u00edan M\u00e9xico. La emisora tuvo que emitir una disculpa p\u00fablica.<\/li>\n\n\n\n<li>R\u00e9cord mundial: En los a\u00f1os 80, un equipo de locutores mexicanos transmiti\u00f3 72 horas sin parar para recaudar fondos tras un hurac\u00e1n, logrando un r\u00e9cord mundial de transmisi\u00f3n ininterrumpida.<\/li>\n\n\n\n<li>La radio en la Luna: En 1969, la XEW transmiti\u00f3 la llegada del hombre a la Luna en vivo, y los locutores mexicanos narraron el evento con tanta pasi\u00f3n que los oyentes dec\u00edan sentirse en el espacio.<\/li>\n\n\n\n<li>El locutor m\u00e1s r\u00e1pido: H\u00e9ctor Mart\u00ednez Serrano (QEPD) pod\u00eda leer comerciales a una velocidad r\u00e9cord sin equivocarse, un talento que lo hizo leyenda en los 60.<br>Un Homenaje Personal<br>Este D\u00eda del Locutor tambi\u00e9n es una oportunidad para honrar a maestros como H\u00e9ctor Mart\u00ednez Serrano (Que En Paz Descanse), cuya pasi\u00f3n por la radio inspir\u00f3 a generaciones, y Vladimir Galeana Sol\u00f3rzano, un mentor que ense\u00f1\u00f3 que una voz puede transformar corazones. Sus lecciones viven en cada locutor que hoy enciende un micr\u00f3fono.<\/li>\n<\/ul>\n\n\n\n<p>De las Ondas al Streaming: La Radio Sigue Viva<\/p>\n\n\n\n<p>Desde las radionovelas de los 40 hasta los podcasts de hoy, la radio mexicana ha evolucionado, pero su esencia permanece: la voz humana como puente de emociones. Los locutores han llevado la cultura mexicana al mundo, desde la XEW hasta plataformas digitales, adapt\u00e1ndose a cada era con creatividad. En este D\u00eda del Locutor, sintoniza tu emisora favorita, sube el volumen y celebra a quienes hacen que M\u00e9xico sue\u00f1e mejor.<\/p>\n","protected":false},"excerpt":{"rendered":"<p>Cada 14 de septiembre, M\u00e9xico suena al ritmo del D\u00eda del Locutor, una fecha que celebra a los maestros del micr\u00f3fono, cuyas voces han dado vida a la radio, la televisi\u00f3n y ahora las plataformas digitales. Instituida en 1957 por Francisco Neri Cano, fundador de la Asociaci\u00f3n Nacional de Locutores de M\u00e9xico, esta conmemoraci\u00f3n rinde [&hellip;]<\/p>\n","protected":false},"author":1,"featured_media":1876,"comment_status":"open","ping_status":"open","sticky":false,"template":"","format":"standard","meta":{"footnotes":""},"categories":[1],"tags":[],"ppma_author":[96],"class_list":["post-1875","post","type-post","status-publish","format-standard","has-post-thumbnail","hentry","category-blog"],"authors":[{"term_id":96,"user_id":0,"is_guest":1,"slug":"yanis_r","display_name":"Yanis_R","avatar_url":{"url":"https:\/\/pulsociudadano.network\/wp-content\/uploads\/2024\/11\/WhatsApp-Image-2024-11-28-at-10.58.45.jpeg","url2x":"https:\/\/pulsociudadano.network\/wp-content\/uploads\/2024\/11\/WhatsApp-Image-2024-11-28-at-10.58.45.jpeg"},"0":null,"1":"","2":"","3":"","4":"","5":"","6":"","7":"","8":""}],"_links":{"self":[{"href":"https:\/\/pulsociudadano.network\/index.php\/wp-json\/wp\/v2\/posts\/1875","targetHints":{"allow":["GET"]}}],"collection":[{"href":"https:\/\/pulsociudadano.network\/index.php\/wp-json\/wp\/v2\/posts"}],"about":[{"href":"https:\/\/pulsociudadano.network\/index.php\/wp-json\/wp\/v2\/types\/post"}],"author":[{"embeddable":true,"href":"https:\/\/pulsociudadano.network\/index.php\/wp-json\/wp\/v2\/users\/1"}],"replies":[{"embeddable":true,"href":"https:\/\/pulsociudadano.network\/index.php\/wp-json\/wp\/v2\/comments?post=1875"}],"version-history":[{"count":1,"href":"https:\/\/pulsociudadano.network\/index.php\/wp-json\/wp\/v2\/posts\/1875\/revisions"}],"predecessor-version":[{"id":1877,"href":"https:\/\/pulsociudadano.network\/index.php\/wp-json\/wp\/v2\/posts\/1875\/revisions\/1877"}],"wp:featuredmedia":[{"embeddable":true,"href":"https:\/\/pulsociudadano.network\/index.php\/wp-json\/wp\/v2\/media\/1876"}],"wp:attachment":[{"href":"https:\/\/pulsociudadano.network\/index.php\/wp-json\/wp\/v2\/media?parent=1875"}],"wp:term":[{"taxonomy":"category","embeddable":true,"href":"https:\/\/pulsociudadano.network\/index.php\/wp-json\/wp\/v2\/categories?post=1875"},{"taxonomy":"post_tag","embeddable":true,"href":"https:\/\/pulsociudadano.network\/index.php\/wp-json\/wp\/v2\/tags?post=1875"},{"taxonomy":"author","embeddable":true,"href":"https:\/\/pulsociudadano.network\/index.php\/wp-json\/wp\/v2\/ppma_author?post=1875"}],"curies":[{"name":"wp","href":"https:\/\/api.w.org\/{rel}","templated":true}]}}