{"id":1331,"date":"2025-05-16T09:51:39","date_gmt":"2025-05-16T15:51:39","guid":{"rendered":"https:\/\/pulsociudadano.network\/?p=1331"},"modified":"2025-05-16T10:09:09","modified_gmt":"2025-05-16T16:09:09","slug":"pepe-mujica-el-legado-de-un-lider-humilde-que-resono-en-mexico-y-el-mundo","status":"publish","type":"post","link":"https:\/\/pulsociudadano.network\/index.php\/2025\/05\/16\/pepe-mujica-el-legado-de-un-lider-humilde-que-resono-en-mexico-y-el-mundo\/","title":{"rendered":"Pepe Mujica: El legado de un l\u00edder humilde que reson\u00f3 en M\u00e9xico y el mundo"},"content":{"rendered":"\n<p>Ayer, el mundo despidi\u00f3 a Jos\u00e9 Alberto Mujica Cordano, conocido como Pepe Mujica, quien falleci\u00f3 a los 89 a\u00f1os en Montevideo, Uruguay, tras una valiente lucha contra un c\u00e1ncer de es\u00f3fago que se complic\u00f3 al extenderse al h\u00edgado. Exguerrillero, expresidente de Uruguay (2010-2015) y s\u00edmbolo global de la humildad y la coherencia pol\u00edtica, Mujica dej\u00f3 un legado que trasciende fronteras, incluyendo a M\u00e9xico, donde su figura es recordada con admiraci\u00f3n por su autenticidad, sus reflexiones sobre la vida y su compromiso con la justicia social.<\/p>\n\n\n\n<p>\u00bfQui\u00e9n fue Pepe Mujica?<\/p>\n\n\n\n<p>Nacido el 20 de mayo de 1935 en un barrio obrero de Montevideo, Mujica creci\u00f3 en un entorno modesto que molde\u00f3 su visi\u00f3n del mundo. En su juventud, se uni\u00f3 al Movimiento de Liberaci\u00f3n Nacional-Tupamaros, una guerrilla urbana que buscaba combatir la desigualdad en Uruguay durante los a\u00f1os 60. Su activismo lo llev\u00f3 a pasar m\u00e1s de 13 a\u00f1os en prisi\u00f3n, gran parte en condiciones inhumanas, incluyendo largos periodos de aislamiento durante la dictadura militar (1973-1985). Estas experiencias forjaron su car\u00e1cter y su filosof\u00eda de vida, centrada en la resiliencia y la empat\u00eda.<br>Tras la restauraci\u00f3n de la democracia, Mujica incursion\u00f3 en la pol\u00edtica institucional, primero como diputado, luego como senador y ministro de Ganader\u00eda, Agricultura y Pesca (2005-2008). En 2010, asumi\u00f3 la presidencia de Uruguay liderando el Frente Amplio, una coalici\u00f3n de izquierda. Su mandato se destac\u00f3 por pol\u00edticas progresistas: legaliz\u00f3 el matrimonio igualitario, despenaliz\u00f3 el aborto y regul\u00f3 el mercado del cannabis, posicionando a Uruguay como un referente en derechos humanos y libertades civiles.<\/p>\n\n\n\n<p>Un presidente at\u00edpico<\/p>\n\n\n\n<p>Mujica se gan\u00f3 el apodo de \u201cel presidente m\u00e1s pobre del mundo\u201d por su estilo de vida austero. Durante su presidencia, donaba el 90% de su salario a organizaciones sociales y viv\u00eda en una modesta chacra en las afueras de Montevideo, rechazando las comodidades del Palacio Presidencial. Conduc\u00eda un Volkswagen Beetle de 1987, que se convirti\u00f3 en un s\u00edmbolo de su rechazo al consumismo. \u201cNo soy pobre, soy sobrio. Pobre es el que necesita mucho\u201d, sol\u00eda decir.<\/p>\n\n\n\n<p>\u00bfPor qu\u00e9 M\u00e9xico lo recuerda?<\/p>\n\n\n\n<p>En M\u00e9xico, la figura de Mujica reson\u00f3 profundamente por varias razones. Primero, su mensaje de justicia social y cr\u00edtica al capitalismo desenfrenado conect\u00f3 con un pa\u00eds marcado por la desigualdad. Durante su visita a M\u00e9xico en 2014, invitado por la UNAM para recibir el doctorado honoris causa, Mujica cautiv\u00f3 a estudiantes y acad\u00e9micos con su discurso sobre la necesidad de una educaci\u00f3n p\u00fablica que empodere a los j\u00f3venes y combata la exclusi\u00f3n. \u201cLa verdadera riqueza de un pa\u00eds est\u00e1 en su gente, en su capacidad de pensar y crear\u201d, afirm\u00f3 en el Auditorio Alfonso Caso.<br>Adem\u00e1s, su historia como exguerrillero y preso pol\u00edtico evoc\u00f3 paralelismos con las luchas sociales mexicanas, desde el movimiento estudiantil de 1968 hasta las resistencias campesinas e ind\u00edgenas. Mujica tambi\u00e9n expres\u00f3 solidaridad con M\u00e9xico en momentos clave, como su condena a la desaparici\u00f3n de los 43 estudiantes de Ayotzinapa en 2014, cuando llam\u00f3 a \u201cno bajar los brazos\u201d frente a la injusticia.<br>Sus reflexiones filos\u00f3ficas, transmitidas en entrevistas y conferencias, se viralizaron en redes sociales mexicanas. Frases como \u201cNo hay que vivir para trabajar, hay que trabajar para vivir\u201d o \u201cLa libertad es tener tiempo para vivir\u201d se convirtieron en lemas para generaciones que cuestionan el modelo econ\u00f3mico y buscan un sentido m\u00e1s humano de la existencia.<\/p>\n\n\n\n<p>Datos &#8211; legado<br>Pol\u00edtica econ\u00f3mica: Durante su presidencia, Uruguay mantuvo un crecimiento econ\u00f3mico promedio del 5.7% anual, redujo la pobreza del 32.5% al 11.5% y la desigualdad (\u00edndice Gini) del 0.45 al 0.38, seg\u00fan el Banco Mundial.<br>Reformas sociales: Legaliz\u00f3 el matrimonio igualitario en 2013, despenaliz\u00f3 el aborto en 2012 y regul\u00f3 la producci\u00f3n y venta de marihuana en 2013, un modelo pionero a nivel mundial.<br>Impacto internacional: Fue nominado al Premio Nobel de la Paz en 2014 por su contribuci\u00f3n a la reconciliaci\u00f3n y la democracia en Am\u00e9rica Latina.<br>Reconocimientos en M\u00e9xico: Adem\u00e1s del doctorado honoris causa de la UNAM, recibi\u00f3 la Medalla al M\u00e9rito C\u00edvico Eduardo Neri en 2014, otorgada por la C\u00e1mara de Diputados.<br>Frases ic\u00f3nicas que perduran<br>Mujica era un orador sencillo pero profundo, capaz de condensar verdades universales en frases memorables:<br>\u201cSi tuviera muchas cosas, tendr\u00eda que ocuparme de ellas. La verdadera libertad est\u00e1 en consumir poco.\u201d<br>Sobre el poder: \u201cEl poder no cambia a las personas, solo revela qui\u00e9nes son en realidad.\u201d<br>Sobre la humanidad: \u201cNo estamos condenados a ser ego\u00edstas. Somos una sola especie, y el planeta es uno solo.\u201d<br>Sobre la pol\u00edtica: \u201cNo vengo a vender soluciones m\u00e1gicas, vengo a decirles que el mundo se cambia con trabajo, no con discursos.\u201d<\/p>\n\n\n\n<p>Un legado vivo<\/p>\n\n\n\n<p>El fallecimiento de Mujica marca el fin de una era, pero su legado sigue vivo en quienes ven en \u00e9l un ejemplo de coherencia entre el discurso y la acci\u00f3n. En M\u00e9xico, su influencia se percibe en movimientos sociales, en la academia y en la juventud que busca un modelo de liderazgo m\u00e1s humano. Como \u00e9l mismo dijo: \u201cNo se trata de cambiar el mundo de un d\u00eda para otro, sino de empezar a caminar en la direcci\u00f3n correcta.\u201d<br>En un mundo polarizado, donde la pol\u00edtica a menudo se asocia con privilegios y corrupci\u00f3n, Pepe Mujica nos recuerda que el verdadero poder radica en la capacidad de vivir con dignidad y en armon\u00eda con los dem\u00e1s. M\u00e9xico, junto con el resto del mundo, despide a un hombre que no solo gobern\u00f3 una naci\u00f3n, sino que inspir\u00f3 a millones a so\u00f1ar con un futuro m\u00e1s justo.<\/p>\n","protected":false},"excerpt":{"rendered":"<p>Ayer, el mundo despidi\u00f3 a Jos\u00e9 Alberto Mujica Cordano, conocido como Pepe Mujica, quien falleci\u00f3 a los 89 a\u00f1os en Montevideo, Uruguay, tras una valiente lucha contra un c\u00e1ncer de es\u00f3fago que se complic\u00f3 al extenderse al h\u00edgado. Exguerrillero, expresidente de Uruguay (2010-2015) y s\u00edmbolo global de la humildad y la coherencia pol\u00edtica, Mujica dej\u00f3 [&hellip;]<\/p>\n","protected":false},"author":1,"featured_media":1332,"comment_status":"open","ping_status":"open","sticky":false,"template":"","format":"standard","meta":{"footnotes":""},"categories":[1],"tags":[],"ppma_author":[96],"class_list":["post-1331","post","type-post","status-publish","format-standard","has-post-thumbnail","hentry","category-blog"],"authors":[{"term_id":96,"user_id":0,"is_guest":1,"slug":"yanis_r","display_name":"Yanis_R","avatar_url":{"url":"https:\/\/pulsociudadano.network\/wp-content\/uploads\/2024\/11\/WhatsApp-Image-2024-11-28-at-10.58.45.jpeg","url2x":"https:\/\/pulsociudadano.network\/wp-content\/uploads\/2024\/11\/WhatsApp-Image-2024-11-28-at-10.58.45.jpeg"},"0":null,"1":"","2":"","3":"","4":"","5":"","6":"","7":"","8":""}],"_links":{"self":[{"href":"https:\/\/pulsociudadano.network\/index.php\/wp-json\/wp\/v2\/posts\/1331","targetHints":{"allow":["GET"]}}],"collection":[{"href":"https:\/\/pulsociudadano.network\/index.php\/wp-json\/wp\/v2\/posts"}],"about":[{"href":"https:\/\/pulsociudadano.network\/index.php\/wp-json\/wp\/v2\/types\/post"}],"author":[{"embeddable":true,"href":"https:\/\/pulsociudadano.network\/index.php\/wp-json\/wp\/v2\/users\/1"}],"replies":[{"embeddable":true,"href":"https:\/\/pulsociudadano.network\/index.php\/wp-json\/wp\/v2\/comments?post=1331"}],"version-history":[{"count":1,"href":"https:\/\/pulsociudadano.network\/index.php\/wp-json\/wp\/v2\/posts\/1331\/revisions"}],"predecessor-version":[{"id":1333,"href":"https:\/\/pulsociudadano.network\/index.php\/wp-json\/wp\/v2\/posts\/1331\/revisions\/1333"}],"wp:featuredmedia":[{"embeddable":true,"href":"https:\/\/pulsociudadano.network\/index.php\/wp-json\/wp\/v2\/media\/1332"}],"wp:attachment":[{"href":"https:\/\/pulsociudadano.network\/index.php\/wp-json\/wp\/v2\/media?parent=1331"}],"wp:term":[{"taxonomy":"category","embeddable":true,"href":"https:\/\/pulsociudadano.network\/index.php\/wp-json\/wp\/v2\/categories?post=1331"},{"taxonomy":"post_tag","embeddable":true,"href":"https:\/\/pulsociudadano.network\/index.php\/wp-json\/wp\/v2\/tags?post=1331"},{"taxonomy":"author","embeddable":true,"href":"https:\/\/pulsociudadano.network\/index.php\/wp-json\/wp\/v2\/ppma_author?post=1331"}],"curies":[{"name":"wp","href":"https:\/\/api.w.org\/{rel}","templated":true}]}}